{"id":22171,"date":"2022-01-11T15:52:38","date_gmt":"2022-01-11T21:52:38","guid":{"rendered":"https:\/\/encuentroinformativo.com.mx\/?p=22171"},"modified":"2022-01-11T15:52:41","modified_gmt":"2022-01-11T21:52:41","slug":"estiman-reciclar-mas-de-mil-arboles-navidenos-en-el-puerto","status":"publish","type":"post","link":"https:\/\/encuentroinformativo.com.mx\/?p=22171","title":{"rendered":"Estiman reciclar m\u00e1s de mil \u00e1rboles navide\u00f1os en el puerto"},"content":{"rendered":"\n<p><strong>Alejandro \u00c1vila<\/strong><\/p>\n\n\n\n<p>Veracruz, Ver.- Un total de 1 500 arboles navide\u00f1os es la meta m\u00ednima de recolecci\u00f3n para este 2022 en los centros de acopio del Ayuntamiento de Veracruz.<\/p>\n\n\n\n<p>La regidora Lissethe Mart\u00ednez Echeverr\u00eda, mencion\u00f3 que se dispusieron dos Centros de Acopio en la ciudad; uno ubicado en el DIF de Matamoros y otro en Reino M\u00e1gico.<\/p>\n\n\n\n<p>La edil morenista quien preside la comisi\u00f3n de Medio Ambiente, apunt\u00f3 que existe la intenci\u00f3n de hacer conciencia en la gente, para que evite dejar sus arboles navide\u00f1os en las calles, y en cambio, contribuya en el reciclado.<\/p>\n\n\n\n<p>Mart\u00ednez Echeverr\u00eda aclar\u00f3 que Centro de Acopio del DIF de Matamoros estar\u00e1 abierto las 24 horas; mientras que el del Parque Reino M\u00e1gico, tendr\u00e1 un horario de 8 de la ma\u00f1ana a 4 de la tarde de lunes a s\u00e1bado.<\/p>\n\n\n\n<p>\u201cEl principal objetivo es recaudar y aprovechar la mayor cantidad de arbolitos naturales,&nbsp; que durante esta temporada decembrina iluminaron nuestros hogares, para reciclarlos y reutilizarlos c\u00f3mo composta en nuestros viveros municipales, al final no se contamina\u201d, declar\u00f3.&nbsp;<\/p>\n\n\n\n<p>Por \u00faltimo, manifest\u00f3 que ambos centros de acopio ya est\u00e1n activos y permanecer\u00e1n&nbsp; hasta el 10 de febrero, esperando recibir esta temporada cerca de 1500 pinos navide\u00f1os, los cuales, ser\u00e1n triturados para darle un segundo uso como abono org\u00e1nico.<\/p>\n","protected":false},"excerpt":{"rendered":"<p>Alejandro \u00c1vila Veracruz, Ver.- Un total de 1 500 arboles navide\u00f1os es la meta m\u00ednima de recolecci\u00f3n para este 2022 en los centros de acopio del Ayuntamiento de Veracruz. La regidora Lissethe Mart\u00ednez Echeverr\u00eda, mencion\u00f3 que se dispusieron dos Centros de Acopio en la ciudad; uno ubicado en el DIF de Matamoros y otro en [&hellip;]<\/p>\n","protected":false},"author":1,"featured_media":22172,"comment_status":"open","ping_status":"open","sticky":false,"template":"","format":"standard","meta":{"_jetpack_memberships_contains_paid_content":false,"footnotes":""},"categories":[2],"tags":[],"class_list":["post-22171","post","type-post","status-publish","format-standard","has-post-thumbnail","hentry","category-estado"],"jetpack_featured_media_url":"https:\/\/encuentroinformativo.com.mx\/wp-content\/uploads\/2022\/01\/5C879BCD-A9F6-4352-AB11-5CBED96E5B1B.jpeg","jetpack_sharing_enabled":true,"jetpack_likes_enabled":true,"amp_enabled":true,"_links":{"self":[{"href":"https:\/\/encuentroinformativo.com.mx\/index.php?rest_route=\/wp\/v2\/posts\/22171","targetHints":{"allow":["GET"]}}],"collection":[{"href":"https:\/\/encuentroinformativo.com.mx\/index.php?rest_route=\/wp\/v2\/posts"}],"about":[{"href":"https:\/\/encuentroinformativo.com.mx\/index.php?rest_route=\/wp\/v2\/types\/post"}],"author":[{"embeddable":true,"href":"https:\/\/encuentroinformativo.com.mx\/index.php?rest_route=\/wp\/v2\/users\/1"}],"replies":[{"embeddable":true,"href":"https:\/\/encuentroinformativo.com.mx\/index.php?rest_route=%2Fwp%2Fv2%2Fcomments&post=22171"}],"version-history":[{"count":1,"href":"https:\/\/encuentroinformativo.com.mx\/index.php?rest_route=\/wp\/v2\/posts\/22171\/revisions"}],"predecessor-version":[{"id":22173,"href":"https:\/\/encuentroinformativo.com.mx\/index.php?rest_route=\/wp\/v2\/posts\/22171\/revisions\/22173"}],"wp:featuredmedia":[{"embeddable":true,"href":"https:\/\/encuentroinformativo.com.mx\/index.php?rest_route=\/wp\/v2\/media\/22172"}],"wp:attachment":[{"href":"https:\/\/encuentroinformativo.com.mx\/index.php?rest_route=%2Fwp%2Fv2%2Fmedia&parent=22171"}],"wp:term":[{"taxonomy":"category","embeddable":true,"href":"https:\/\/encuentroinformativo.com.mx\/index.php?rest_route=%2Fwp%2Fv2%2Fcategories&post=22171"},{"taxonomy":"post_tag","embeddable":true,"href":"https:\/\/encuentroinformativo.com.mx\/index.php?rest_route=%2Fwp%2Fv2%2Ftags&post=22171"}],"curies":[{"name":"wp","href":"https:\/\/api.w.org\/{rel}","templated":true}]}}