{"id":22177,"date":"2022-01-11T21:08:07","date_gmt":"2022-01-12T03:08:07","guid":{"rendered":"https:\/\/encuentroinformativo.com.mx\/?p=22177"},"modified":"2022-01-11T21:08:13","modified_gmt":"2022-01-12T03:08:13","slug":"aprueba-congreso-calendario-de-comparecencias-para-organismos-autonomos","status":"publish","type":"post","link":"https:\/\/encuentroinformativo.com.mx\/?p=22177","title":{"rendered":"Aprueba Congreso calendario de comparecencias para organismos aut\u00f3nomos"},"content":{"rendered":"\n<p><strong>*Se llevar\u00e1n a cabo del 24 al 27 de este mes en el auditorio Sebasti\u00e1n Lerdo de Tejada.<\/strong><\/p>\n\n\n\n<p>Xalapa, Ver.- El Pleno de la LXVI Legislatura del Estado aprob\u00f3 el Acuerdo de la Junta de Coordinaci\u00f3n Pol\u00edtica (Jucopo) relativo al calendario de comparecencias de los organismos aut\u00f3nomos del estado, mismas que se llevar\u00e1n a cabo en el auditorio Sebasti\u00e1n Lerdo de Tejada del Palacio Legislativo, del 24 al 27 de este mes.<\/p>\n\n\n\n<p>Durante la D\u00e9cima Primera Sesi\u00f3n Ordinaria, correspondiente al primer periodo de esta LXVI Legislatura, la Mesa Directiva, presidida por la diputada Cecilia Guevara, puso a consideraci\u00f3n del Pleno este acuerdo, el cual fue aprobado por mayor\u00eda de votos.<\/p>\n\n\n\n<p>Como resultado de esta determinaci\u00f3n, la Fiscal\u00eda General del Estado (FGE) se presentar\u00e1 el 24 de enero a las 11:00 horas ante la Comisi\u00f3n Permanente de Procuraci\u00f3n de Justicia. El \u00d3rgano de Fiscalizaci\u00f3n Superior del Estado (Orfis) acudir\u00e1 el d\u00eda 25 a las 11:00 ante la Comisi\u00f3n Permanente de Vigilancia.<\/p>\n\n\n\n<p>La Comisi\u00f3n Estatal de Derechos Humanos (CEDH) har\u00e1 lo propio el 26 de enero a las 10:00 horas ante la Comisi\u00f3n Permanente de Derechos Humanos y Atenci\u00f3n a Grupos Vulnerables, y el Instituto Veracruzano de Acceso a la Informaci\u00f3n y Protecci\u00f3n de Datos Personales (IVAI) acudir\u00e1 este mismo d\u00eda a las 17:00 ante la Comisi\u00f3n Permanente de Transparencia, Acceso a la Informaci\u00f3n y Parlamento Abierto.<\/p>\n\n\n\n<p>Por \u00faltimo, la Comisi\u00f3n Estatal para la Atenci\u00f3n y Protecci\u00f3n de Periodistas (Ceapp) comparecer\u00e1 el 27 de enero, a las 11:00 horas, ante la Comisi\u00f3n Permanente para la Atenci\u00f3n y Protecci\u00f3n de Periodistas.<\/p>\n\n\n\n<p>Con fundamento en la fracci\u00f3n XXXIII del art\u00edculo 33 y en el p\u00e1rrafo segundo del art\u00edculo 67, ambos de la Constituci\u00f3n Pol\u00edtica local, las comparecencias de los organismos aut\u00f3nomos son el ejercicio de rendici\u00f3n de cuentas ante la representaci\u00f3n popular y deber\u00e1n sujetarse a lo dispuesto en el art\u00edculo 154 del Reglamento para el Gobierno Interior del Poder Legislativo del Estado de Veracruz.<\/p>\n","protected":false},"excerpt":{"rendered":"<p>*Se llevar\u00e1n a cabo del 24 al 27 de este mes en el auditorio Sebasti\u00e1n Lerdo de Tejada. Xalapa, Ver.- El Pleno de la LXVI Legislatura del Estado aprob\u00f3 el Acuerdo de la Junta de Coordinaci\u00f3n Pol\u00edtica (Jucopo) relativo al calendario de comparecencias de los organismos aut\u00f3nomos del estado, mismas que se llevar\u00e1n a cabo [&hellip;]<\/p>\n","protected":false},"author":1,"featured_media":22178,"comment_status":"open","ping_status":"open","sticky":false,"template":"","format":"standard","meta":{"_jetpack_memberships_contains_paid_content":false,"footnotes":""},"categories":[2],"tags":[],"class_list":["post-22177","post","type-post","status-publish","format-standard","has-post-thumbnail","hentry","category-estado"],"jetpack_featured_media_url":"https:\/\/encuentroinformativo.com.mx\/wp-content\/uploads\/2022\/01\/6EABD3C3-848C-44AA-B637-18D5F75A2A42.jpeg","jetpack_sharing_enabled":true,"jetpack_likes_enabled":true,"amp_enabled":true,"_links":{"self":[{"href":"https:\/\/encuentroinformativo.com.mx\/index.php?rest_route=\/wp\/v2\/posts\/22177","targetHints":{"allow":["GET"]}}],"collection":[{"href":"https:\/\/encuentroinformativo.com.mx\/index.php?rest_route=\/wp\/v2\/posts"}],"about":[{"href":"https:\/\/encuentroinformativo.com.mx\/index.php?rest_route=\/wp\/v2\/types\/post"}],"author":[{"embeddable":true,"href":"https:\/\/encuentroinformativo.com.mx\/index.php?rest_route=\/wp\/v2\/users\/1"}],"replies":[{"embeddable":true,"href":"https:\/\/encuentroinformativo.com.mx\/index.php?rest_route=%2Fwp%2Fv2%2Fcomments&post=22177"}],"version-history":[{"count":1,"href":"https:\/\/encuentroinformativo.com.mx\/index.php?rest_route=\/wp\/v2\/posts\/22177\/revisions"}],"predecessor-version":[{"id":22179,"href":"https:\/\/encuentroinformativo.com.mx\/index.php?rest_route=\/wp\/v2\/posts\/22177\/revisions\/22179"}],"wp:featuredmedia":[{"embeddable":true,"href":"https:\/\/encuentroinformativo.com.mx\/index.php?rest_route=\/wp\/v2\/media\/22178"}],"wp:attachment":[{"href":"https:\/\/encuentroinformativo.com.mx\/index.php?rest_route=%2Fwp%2Fv2%2Fmedia&parent=22177"}],"wp:term":[{"taxonomy":"category","embeddable":true,"href":"https:\/\/encuentroinformativo.com.mx\/index.php?rest_route=%2Fwp%2Fv2%2Fcategories&post=22177"},{"taxonomy":"post_tag","embeddable":true,"href":"https:\/\/encuentroinformativo.com.mx\/index.php?rest_route=%2Fwp%2Fv2%2Ftags&post=22177"}],"curies":[{"name":"wp","href":"https:\/\/api.w.org\/{rel}","templated":true}]}}