{"id":22185,"date":"2022-01-12T10:49:35","date_gmt":"2022-01-12T16:49:35","guid":{"rendered":"https:\/\/encuentroinformativo.com.mx\/?p=22185"},"modified":"2022-01-12T10:49:39","modified_gmt":"2022-01-12T16:49:39","slug":"van-por-cableado-subterraneo-en-centro-historico-de-veracruz","status":"publish","type":"post","link":"https:\/\/encuentroinformativo.com.mx\/?p=22185","title":{"rendered":"Van por cableado subterr\u00e1neo en Centro Hist\u00f3rico de Veracruz"},"content":{"rendered":"\n<p><strong>Alejandro \u00c1vila<\/strong><\/p>\n\n\n\n<p>Veracruz, Ver.- Quien estar\u00e1 a cargo de este proyecto de remodelaci\u00f3n del Centro Hist\u00f3rico, ser\u00e1 el director de Obra P\u00fablica, Luis Rom\u00e1n Campa P\u00e9rez, a quien se le dio continuidad de la administraci\u00f3n pasada; el funcionario municipal se\u00f1al\u00f3 que los trabajos se realizar\u00e1n durante los cuatro a\u00f1os de administraci\u00f3n, y puntualiz\u00f3 que uno de los problemas m\u00e1s importantes es la contaminaci\u00f3n visual que produce el cableado en la zona centro.<\/p>\n\n\n\n<p>\u201cLos cables contaminan visualmente Centro Hist\u00f3rico, el problema es que nos hemos acostumbrado a verlos y pues lo vamos a bajar. Vamos a platicar con cada una de las instituciones o empresas que son responsables de estos cables, me refiero a Comisi\u00f3n Federal de Electricidad, Telmex, Megacable, Total Play, etc\u00e9tera, para que se sumen a este programa, participen y podamos hacer una limpieza visual de la imagen del Centro Hist\u00f3rico\u201d, subray\u00f3.<\/p>\n\n\n\n<p>Cabe recordar que este martes por la tarde a trav\u00e9s de sus redes sociales, la alcaldesa de Veracruz, Patricia Lobeira Rodr\u00edguez, inform\u00f3 que har\u00e1n un programa de rescate al Centro Hist\u00f3rico de la ciudad, donde la prioridad ser\u00e1 incentivar la visita de turistas y reactivar la econom\u00eda en la zona; una de los puntos m\u00e1s destacados, fue el se\u00f1alar que el cableado en el primer cuadro de la ciudad, ser\u00e1 subterr\u00e1neo.<\/p>\n\n\n\n<p>El proyecto contempla proporcionar material como pintura, cal y cemento, a due\u00f1os de casas y locales para mejorar sus fachadas, adem\u00e1s el Ayuntamiento rehabilitar\u00e1 todos los espacios p\u00fablicos como callejones, plazuelas, parques y explanadas; as\u00ed como el alumbrado p\u00fablico.<\/p>\n\n\n\n<p>\u201cReconstruiremos todas las banquetas del primer cuadro, y se ocultar\u00e1 todo el cableado que contamina visualmente a nuestro centro; mantendremos una cuadrilla de limpieza permanentemente, los siete d\u00edas de la semana, para que siempre luzca impecable, y pondremos se\u00f1al\u00e9tica urbana en las calles que a\u00fan no cuentan con ella y mejoraremos el alumbrado\u201d, destac\u00f3 la alcaldesa Patricia Lobeira, en video promovido en sus redes sociales.<\/p>\n\n\n\n<p>Finalmente, la presidenta municipal de Veracruz, dijo que continuar\u00e1n con los incentivos fiscales y apoyos para la iniciativa privada, con la intenci\u00f3n de que se motive la apertura de nuevos negocios, oficinas y opciones de vivienda.<\/p>\n","protected":false},"excerpt":{"rendered":"<p>Alejandro \u00c1vila Veracruz, Ver.- Quien estar\u00e1 a cargo de este proyecto de remodelaci\u00f3n del Centro Hist\u00f3rico, ser\u00e1 el director de Obra P\u00fablica, Luis Rom\u00e1n Campa P\u00e9rez, a quien se le dio continuidad de la administraci\u00f3n pasada; el funcionario municipal se\u00f1al\u00f3 que los trabajos se realizar\u00e1n durante los cuatro a\u00f1os de administraci\u00f3n, y puntualiz\u00f3 que uno [&hellip;]<\/p>\n","protected":false},"author":1,"featured_media":22186,"comment_status":"open","ping_status":"open","sticky":false,"template":"","format":"standard","meta":{"_jetpack_memberships_contains_paid_content":false,"footnotes":""},"categories":[2],"tags":[],"class_list":["post-22185","post","type-post","status-publish","format-standard","has-post-thumbnail","hentry","category-estado"],"jetpack_featured_media_url":"https:\/\/encuentroinformativo.com.mx\/wp-content\/uploads\/2022\/01\/617B159F-3077-4FD4-88E4-D425801851FA.jpeg","jetpack_sharing_enabled":true,"jetpack_likes_enabled":true,"amp_enabled":true,"_links":{"self":[{"href":"https:\/\/encuentroinformativo.com.mx\/index.php?rest_route=\/wp\/v2\/posts\/22185","targetHints":{"allow":["GET"]}}],"collection":[{"href":"https:\/\/encuentroinformativo.com.mx\/index.php?rest_route=\/wp\/v2\/posts"}],"about":[{"href":"https:\/\/encuentroinformativo.com.mx\/index.php?rest_route=\/wp\/v2\/types\/post"}],"author":[{"embeddable":true,"href":"https:\/\/encuentroinformativo.com.mx\/index.php?rest_route=\/wp\/v2\/users\/1"}],"replies":[{"embeddable":true,"href":"https:\/\/encuentroinformativo.com.mx\/index.php?rest_route=%2Fwp%2Fv2%2Fcomments&post=22185"}],"version-history":[{"count":1,"href":"https:\/\/encuentroinformativo.com.mx\/index.php?rest_route=\/wp\/v2\/posts\/22185\/revisions"}],"predecessor-version":[{"id":22187,"href":"https:\/\/encuentroinformativo.com.mx\/index.php?rest_route=\/wp\/v2\/posts\/22185\/revisions\/22187"}],"wp:featuredmedia":[{"embeddable":true,"href":"https:\/\/encuentroinformativo.com.mx\/index.php?rest_route=\/wp\/v2\/media\/22186"}],"wp:attachment":[{"href":"https:\/\/encuentroinformativo.com.mx\/index.php?rest_route=%2Fwp%2Fv2%2Fmedia&parent=22185"}],"wp:term":[{"taxonomy":"category","embeddable":true,"href":"https:\/\/encuentroinformativo.com.mx\/index.php?rest_route=%2Fwp%2Fv2%2Fcategories&post=22185"},{"taxonomy":"post_tag","embeddable":true,"href":"https:\/\/encuentroinformativo.com.mx\/index.php?rest_route=%2Fwp%2Fv2%2Ftags&post=22185"}],"curies":[{"name":"wp","href":"https:\/\/api.w.org\/{rel}","templated":true}]}}