{"id":22191,"date":"2022-01-12T11:21:48","date_gmt":"2022-01-12T17:21:48","guid":{"rendered":"https:\/\/encuentroinformativo.com.mx\/?p=22191"},"modified":"2022-01-12T11:21:51","modified_gmt":"2022-01-12T17:21:51","slug":"se-refuerza-aplicacion-de-vacuna-para-distintos-sectores-bienestar","status":"publish","type":"post","link":"https:\/\/encuentroinformativo.com.mx\/?p=22191","title":{"rendered":"Se refuerza aplicaci\u00f3n de vacuna para distintos sectores: Bienestar"},"content":{"rendered":"\n<p><strong>Dar\u00edo Pale<\/strong><\/p>\n\n\n\n<p>Xalapa, Ver.- Esperan que para el 22 de enero hayan terminado de vacunar a los adultos mayores, m\u00e9dicos, enfermeras, docentes y trabajadores de Pemex, adem\u00e1s de que contin\u00faan incorporando a los adultos de m\u00e1s de 65 al programa de pensiones, as\u00ed lo inform\u00f3 el delegado de los programas federales de Bienestar, Manuel Huerta Ladr\u00f3n de Guevara.<\/p>\n\n\n\n<p>En entrevista dio a conocer que tambi\u00e9n habr\u00e1n vacunado a los trabajadores de Petr\u00f3leos Mexicanos tanto los que est\u00e1n en plataformas como los que est\u00e1n en tierra y la poblaci\u00f3n penitenciaria, adem\u00e1s de que desde hace una semana tambi\u00e9n se abri\u00f3 la plataforma para la vacunaci\u00f3n de 40 a 59 a\u00f1os de edad.<\/p>\n\n\n\n<p>Adelant\u00f3 que a partir del 24 de enero tendr\u00e1n la posibilidad de &#8220;dar la vuelta&#8221; al Estado para vacunar a dicho sector de la poblaci\u00f3n, luego ir\u00e1n bajando las edades, adem\u00e1s record\u00f3 que del 17 al 21 de enero se deber\u00e1n vacunar todos los trabajadores del sector educativo, para ello ya tienen lista la log\u00edstica.<\/p>\n\n\n\n<p>Aunque asever\u00f3, siguen vacunado a los j\u00f3venes de 15 a 17 a\u00f1os de edad, aplicando el refuerzo para los mayores de 60 y es que de aqu\u00ed al 22 de este mes, estar\u00e1n teniendo presencia en 133 municipios, por lo que invit\u00f3 a todos aquellos que no se han aplicado ninguna vacuna a lo largo de la pandemia a que lo hagan.<\/p>\n\n\n\n<p>En otro orden de ideas, el funcionario federal resalt\u00f3 que desde el 6 de enero los adultos mayores est\u00e1n recibiendo sus pensiones, adem\u00e1s de que contin\u00faa la incorporaci\u00f3n de personas de 65 a\u00f1os en adelante para que dicho sector pueda recibir su pago a trav\u00e9s de tarjetas bancarias.<\/p>\n\n\n\n<p>&#8220;Esto lo haremos desde el d\u00eda 19 de enero, la entrega de tarjetas, hasta el 2 de febrero, porque previo tenemos que captar a todos, de aqu\u00ed al 19, les demos la tarjeta y en d\u00edas muy breves, ya puedan cobrar sus recursos&#8221;, se\u00f1al\u00f3.<\/p>\n\n\n\n<p>Finalmente se\u00f1al\u00f3 que van a llegar en este primer bimestre del a\u00f1o a m\u00e1s de 800 mil adultos mayores en la Entidad, pero la meta es todav\u00eda mayor y cumplir el derecho constitucional de quien cumple 65 a\u00f1os de acceder al beneficio.<\/p>\n","protected":false},"excerpt":{"rendered":"<p>Dar\u00edo Pale Xalapa, Ver.- Esperan que para el 22 de enero hayan terminado de vacunar a los adultos mayores, m\u00e9dicos, enfermeras, docentes y trabajadores de Pemex, adem\u00e1s de que contin\u00faan incorporando a los adultos de m\u00e1s de 65 al programa de pensiones, as\u00ed lo inform\u00f3 el delegado de los programas federales de Bienestar, Manuel Huerta [&hellip;]<\/p>\n","protected":false},"author":1,"featured_media":22192,"comment_status":"open","ping_status":"open","sticky":false,"template":"","format":"standard","meta":{"_jetpack_memberships_contains_paid_content":false,"footnotes":""},"categories":[2],"tags":[],"class_list":["post-22191","post","type-post","status-publish","format-standard","has-post-thumbnail","hentry","category-estado"],"jetpack_featured_media_url":"https:\/\/encuentroinformativo.com.mx\/wp-content\/uploads\/2022\/01\/8C0C3D38-42E5-4D8D-BB0A-9448B243DBBA.jpeg","jetpack_sharing_enabled":true,"jetpack_likes_enabled":true,"amp_enabled":true,"_links":{"self":[{"href":"https:\/\/encuentroinformativo.com.mx\/index.php?rest_route=\/wp\/v2\/posts\/22191","targetHints":{"allow":["GET"]}}],"collection":[{"href":"https:\/\/encuentroinformativo.com.mx\/index.php?rest_route=\/wp\/v2\/posts"}],"about":[{"href":"https:\/\/encuentroinformativo.com.mx\/index.php?rest_route=\/wp\/v2\/types\/post"}],"author":[{"embeddable":true,"href":"https:\/\/encuentroinformativo.com.mx\/index.php?rest_route=\/wp\/v2\/users\/1"}],"replies":[{"embeddable":true,"href":"https:\/\/encuentroinformativo.com.mx\/index.php?rest_route=%2Fwp%2Fv2%2Fcomments&post=22191"}],"version-history":[{"count":1,"href":"https:\/\/encuentroinformativo.com.mx\/index.php?rest_route=\/wp\/v2\/posts\/22191\/revisions"}],"predecessor-version":[{"id":22193,"href":"https:\/\/encuentroinformativo.com.mx\/index.php?rest_route=\/wp\/v2\/posts\/22191\/revisions\/22193"}],"wp:featuredmedia":[{"embeddable":true,"href":"https:\/\/encuentroinformativo.com.mx\/index.php?rest_route=\/wp\/v2\/media\/22192"}],"wp:attachment":[{"href":"https:\/\/encuentroinformativo.com.mx\/index.php?rest_route=%2Fwp%2Fv2%2Fmedia&parent=22191"}],"wp:term":[{"taxonomy":"category","embeddable":true,"href":"https:\/\/encuentroinformativo.com.mx\/index.php?rest_route=%2Fwp%2Fv2%2Fcategories&post=22191"},{"taxonomy":"post_tag","embeddable":true,"href":"https:\/\/encuentroinformativo.com.mx\/index.php?rest_route=%2Fwp%2Fv2%2Ftags&post=22191"}],"curies":[{"name":"wp","href":"https:\/\/api.w.org\/{rel}","templated":true}]}}