{"id":22197,"date":"2022-01-12T12:40:11","date_gmt":"2022-01-12T18:40:11","guid":{"rendered":"https:\/\/encuentroinformativo.com.mx\/?p=22197"},"modified":"2022-01-12T12:40:15","modified_gmt":"2022-01-12T18:40:15","slug":"promueven-congreso-internacional-sobre-perros-de-trabajo","status":"publish","type":"post","link":"https:\/\/encuentroinformativo.com.mx\/?p=22197","title":{"rendered":"Promueven Congreso Internacional sobre perros de trabajo"},"content":{"rendered":"\n<p><strong>Dar\u00edo Pale<\/strong><\/p>\n\n\n\n<p>Xalapa, Ver.- Gilberto Trujillo encargado de K9 en Xalapa, dio a conocer que van a llevar a cabo un Congreso Internacional de Perros de Trabajo para capacitarlos en la b\u00fasqueda y rescate de personas bajo los escombros, as\u00ed como b\u00fasqueda de enervantes y para protecci\u00f3n de personas del 22 al 25 de enero en la exfabrica de San Bruno.<\/p>\n\n\n\n<p>En entrevista realizada en los pasillos de conocido caf\u00e9 del centro de Xalapa dio a conocer que el Congreso Internacional de Perros de Trabajo se llevar\u00e1 a cabo en la exfabrica de San Bruno del 22 al 25 de enero.<\/p>\n\n\n\n<p>Dio a conocer que vienen cuatro ponentes quienes dar\u00e1n capacitaci\u00f3n a personas y para eliminar tab\u00faes que existen ya que seg\u00fan han existido problemas con algunos rescatistas ya que seg\u00fan maltratan a los animales.<\/p>\n\n\n\n<p>En el congreso internacional se les mostrar\u00e1 c\u00f3mo es el entrenamiento sin ning\u00fan maltrato a los animales, donde se les capacita en diferentes disciplinas, vendr\u00e1 personal de Panam\u00e1 quien certificar\u00e1 a los perros de b\u00fasqueda y rescate.<\/p>\n\n\n\n<p>Tambi\u00e9n estar\u00e1 presente un capit\u00e1n retirado del ej\u00e9rcito quien dar\u00e1 su ponencia de detecci\u00f3n de enervantes, as\u00ed como otras personas de guardia, protecci\u00f3n y obediencia, donde participar\u00e1n tres instructores de M\u00e9xico y uno de Panam\u00e1.<\/p>\n\n\n\n<p>El congreso est\u00e1 abierto al p\u00fablico en general ya que hay muchos &#8220;tab\u00faes de que si el perro es de detecci\u00f3n el perro tiene que ser adicto a las drogas, que si el perro es de b\u00fasqueda tiene que haber maltrato, aqu\u00ed lo abrimos al p\u00fablico precisamente para cerrar todos eso tab\u00faes que tenemos y que se den cuenta de que los perros no son maltratados y est\u00e1n haciendo su trabajo de acuerdo al cuidado de ellos&#8221;.<\/p>\n\n\n\n<p>Se\u00f1al\u00f3 que lamentablemente el pastor belga se convirti\u00f3 en un perro multiprop\u00f3sitos pero la gente ve videos y todos quieren tener un perro y lamentablemente ya hay muchos de estos perros en las calles al igual que muchos de varias razas que est\u00e1n en el abandon\u00f3 y en el maltrato por lama la informaci\u00f3n.<\/p>\n\n\n\n<p>Finalmente se\u00f1al\u00f3 que tratar\u00e1n de trabajar con el municipio para dar cursos y asesorar a las personas para que puedan tener perros entrenados y no haya tanto abandono.\u00a0<\/p>\n","protected":false},"excerpt":{"rendered":"<p>Dar\u00edo Pale Xalapa, Ver.- Gilberto Trujillo encargado de K9 en Xalapa, dio a conocer que van a llevar a cabo un Congreso Internacional de Perros de Trabajo para capacitarlos en la b\u00fasqueda y rescate de personas bajo los escombros, as\u00ed como b\u00fasqueda de enervantes y para protecci\u00f3n de personas del 22 al 25 de enero [&hellip;]<\/p>\n","protected":false},"author":1,"featured_media":22198,"comment_status":"open","ping_status":"open","sticky":false,"template":"","format":"standard","meta":{"_jetpack_memberships_contains_paid_content":false,"footnotes":""},"categories":[3],"tags":[],"class_list":["post-22197","post","type-post","status-publish","format-standard","has-post-thumbnail","hentry","category-xalapa"],"jetpack_featured_media_url":"https:\/\/encuentroinformativo.com.mx\/wp-content\/uploads\/2022\/01\/007D2707-F9E0-44DB-A5C1-4F5D2C7D0E76.jpeg","jetpack_sharing_enabled":true,"jetpack_likes_enabled":true,"amp_enabled":true,"_links":{"self":[{"href":"https:\/\/encuentroinformativo.com.mx\/index.php?rest_route=\/wp\/v2\/posts\/22197","targetHints":{"allow":["GET"]}}],"collection":[{"href":"https:\/\/encuentroinformativo.com.mx\/index.php?rest_route=\/wp\/v2\/posts"}],"about":[{"href":"https:\/\/encuentroinformativo.com.mx\/index.php?rest_route=\/wp\/v2\/types\/post"}],"author":[{"embeddable":true,"href":"https:\/\/encuentroinformativo.com.mx\/index.php?rest_route=\/wp\/v2\/users\/1"}],"replies":[{"embeddable":true,"href":"https:\/\/encuentroinformativo.com.mx\/index.php?rest_route=%2Fwp%2Fv2%2Fcomments&post=22197"}],"version-history":[{"count":1,"href":"https:\/\/encuentroinformativo.com.mx\/index.php?rest_route=\/wp\/v2\/posts\/22197\/revisions"}],"predecessor-version":[{"id":22199,"href":"https:\/\/encuentroinformativo.com.mx\/index.php?rest_route=\/wp\/v2\/posts\/22197\/revisions\/22199"}],"wp:featuredmedia":[{"embeddable":true,"href":"https:\/\/encuentroinformativo.com.mx\/index.php?rest_route=\/wp\/v2\/media\/22198"}],"wp:attachment":[{"href":"https:\/\/encuentroinformativo.com.mx\/index.php?rest_route=%2Fwp%2Fv2%2Fmedia&parent=22197"}],"wp:term":[{"taxonomy":"category","embeddable":true,"href":"https:\/\/encuentroinformativo.com.mx\/index.php?rest_route=%2Fwp%2Fv2%2Fcategories&post=22197"},{"taxonomy":"post_tag","embeddable":true,"href":"https:\/\/encuentroinformativo.com.mx\/index.php?rest_route=%2Fwp%2Fv2%2Ftags&post=22197"}],"curies":[{"name":"wp","href":"https:\/\/api.w.org\/{rel}","templated":true}]}}