{"id":2220,"date":"2020-04-30T14:15:42","date_gmt":"2020-04-30T19:15:42","guid":{"rendered":"https:\/\/encuentroinformativo.com\/?p=2220"},"modified":"2020-04-30T14:15:45","modified_gmt":"2020-04-30T19:15:45","slug":"necesario-promover-convivencia-familiar-con-menores","status":"publish","type":"post","link":"https:\/\/encuentroinformativo.com.mx\/?p=2220","title":{"rendered":"Necesario promover convivencia familiar con menores"},"content":{"rendered":"\n<p><strong>Dar\u00edo Pale <\/strong><\/p>\n\n\n\n<p>Xalapa, Ver.- La convivencia entre la familia es un tema muy importante para garantizar el derecho de los menores de edad en familias que est\u00e1n separadas debido a que est\u00e1n cumpliendo alguna sentencia o est\u00e1n en procesos penales, se les est\u00e1 limitando un poco y estas deben de continuar.<\/p>\n\n\n\n<p>Entrevistado en conocido caf\u00e9 del centro de Xalapa, Agust\u00edn Carpio P\u00e9rez, se\u00f1al\u00f3 que existen alternativas ya que actualmente la infraestructura de los juzgados en Veracruz tiene la capacidad de hacer convivencia de forma virtual tal y como de ha hecho en otros sectores.<\/p>\n\n\n\n<p>Por lo anterior est\u00e1 proponiendo que \u201cel SECOFAN que era la instituci\u00f3n encargada de estas convivenc\u00edas, asista el padre que va a convivir y desde ah\u00ed se le enlace una llamada v\u00eda whatsApp o v\u00eda telef\u00f3nica para ver la disponibilidad del menor en donde se encuentre, esto en har\u00e1s de poder mantener el derecho de convivenc\u00eda que ellos tienen\u201d.<\/p>\n\n\n\n<p>Dio a conocer que a partir del 18 de marzo se decret\u00f3 por parte del poder judicial que se suspend\u00edan las diligencias no tan b\u00e1sicas y con ello las convivenc\u00edas en un principio se consider\u00f3 que ser\u00eda hasta el 20 de abril, pero debido a la pandemia esto se ha extendido m\u00e1s lo cual afecta a los derechos de los ni\u00f1os, por lo que el poder judicial debe de definir una estrategia para poder garantizar el derecho de los menores.<\/p>\n\n\n\n<p>En otro orden de ideas se\u00f1al\u00f3 que el juzgado virtual que el a\u00f1o pasado se inaugur\u00f3, consider\u00f3 que es el momento en el que debe de empezar a trabajar de forma \u201ccompleta\u201d ya que en el juzgado d\u00e9cimo cuarto en Xalapa est\u00e1 funcionando las jurisdicciones voluntarias, por lo que se debe de implementar la parte contenciosa para que los abogados y los justificables tengan este derecho humano de poder acceder a la justicia principalmente en temas relevantes como es la pensi\u00f3n alimenticia.<\/p>\n\n\n\n<p>Se\u00f1al\u00f3 que hay madres de familia que quedaron desempleadas y padres tambi\u00e9n pero se les debe de garantizar a los menores la vida digna y el derecho de poder recibir una pensi\u00f3n, por lo que los juzgados deben de garantizar este servicio.<\/p>\n\n\n\n<p><\/p>\n","protected":false},"excerpt":{"rendered":"<p>Dar\u00edo Pale Xalapa, Ver.- La convivencia entre la familia es un tema muy importante para garantizar el derecho de los menores de edad en familias que est\u00e1n separadas debido a que est\u00e1n cumpliendo alguna sentencia o est\u00e1n en procesos penales, se les est\u00e1 limitando un poco y estas deben de continuar. Entrevistado en conocido caf\u00e9 [&hellip;]<\/p>\n","protected":false},"author":1,"featured_media":2192,"comment_status":"open","ping_status":"open","sticky":false,"template":"","format":"standard","meta":{"_jetpack_memberships_contains_paid_content":false,"footnotes":""},"categories":[2],"tags":[],"class_list":["post-2220","post","type-post","status-publish","format-standard","has-post-thumbnail","hentry","category-estado"],"jetpack_featured_media_url":"https:\/\/encuentroinformativo.com.mx\/wp-content\/uploads\/2020\/04\/B6249ED3-200A-4B11-BCA9-19511C03B0B0.jpeg","jetpack_sharing_enabled":true,"jetpack_likes_enabled":true,"amp_enabled":true,"_links":{"self":[{"href":"https:\/\/encuentroinformativo.com.mx\/index.php?rest_route=\/wp\/v2\/posts\/2220","targetHints":{"allow":["GET"]}}],"collection":[{"href":"https:\/\/encuentroinformativo.com.mx\/index.php?rest_route=\/wp\/v2\/posts"}],"about":[{"href":"https:\/\/encuentroinformativo.com.mx\/index.php?rest_route=\/wp\/v2\/types\/post"}],"author":[{"embeddable":true,"href":"https:\/\/encuentroinformativo.com.mx\/index.php?rest_route=\/wp\/v2\/users\/1"}],"replies":[{"embeddable":true,"href":"https:\/\/encuentroinformativo.com.mx\/index.php?rest_route=%2Fwp%2Fv2%2Fcomments&post=2220"}],"version-history":[{"count":1,"href":"https:\/\/encuentroinformativo.com.mx\/index.php?rest_route=\/wp\/v2\/posts\/2220\/revisions"}],"predecessor-version":[{"id":2221,"href":"https:\/\/encuentroinformativo.com.mx\/index.php?rest_route=\/wp\/v2\/posts\/2220\/revisions\/2221"}],"wp:featuredmedia":[{"embeddable":true,"href":"https:\/\/encuentroinformativo.com.mx\/index.php?rest_route=\/wp\/v2\/media\/2192"}],"wp:attachment":[{"href":"https:\/\/encuentroinformativo.com.mx\/index.php?rest_route=%2Fwp%2Fv2%2Fmedia&parent=2220"}],"wp:term":[{"taxonomy":"category","embeddable":true,"href":"https:\/\/encuentroinformativo.com.mx\/index.php?rest_route=%2Fwp%2Fv2%2Fcategories&post=2220"},{"taxonomy":"post_tag","embeddable":true,"href":"https:\/\/encuentroinformativo.com.mx\/index.php?rest_route=%2Fwp%2Fv2%2Ftags&post=2220"}],"curies":[{"name":"wp","href":"https:\/\/api.w.org\/{rel}","templated":true}]}}