{"id":22200,"date":"2022-01-12T13:06:00","date_gmt":"2022-01-12T19:06:00","guid":{"rendered":"https:\/\/encuentroinformativo.com.mx\/?p=22200"},"modified":"2022-01-12T13:06:04","modified_gmt":"2022-01-12T19:06:04","slug":"cierran-3-escuelas-por-casos-de-covid","status":"publish","type":"post","link":"https:\/\/encuentroinformativo.com.mx\/?p=22200","title":{"rendered":"Cierran 3 escuelas por casos de Covid"},"content":{"rendered":"\n<p><strong>Dar\u00edo Pale<\/strong> <\/p>\n\n\n\n<p>Xalapa, Ver.- El titular de la Secretar\u00eda de Educaci\u00f3n de Veracruz (SEV), Zenyazen Escobar Garc\u00eda dio a conocer que de las 16 mil escuelas que est\u00e1n abiertas, \u00fanicamente 3 han cerrado por casos de COVID-19, en los las y los alumnos y personal docente o administrativo.<\/p>\n\n\n\n<p>En conferencia de prensa realizada en palacio de gobierno el titular de la SEV se\u00f1al\u00f3 que, una de las escuelas se ubica en Xalapa, directivos de la escuela Carlos A. Carrillo report\u00f3 contagios en su plantel, por lo tomaron la decisi\u00f3n de regresar a clases virtuales para evitar que el virus se propague m\u00e1s en la escuela.<\/p>\n\n\n\n<p>En el caso de las otras dos planteles educativos, el funcionario estatal no dio mayores datos, sin embargo mencion\u00f3 que las clases presenciales contin\u00faan en la mayor\u00eda de las instituciones \u00a0veracruzanas.<\/p>\n\n\n\n<p>Con ello, agreg\u00f3 que cada escuela en el estado se cuenta con Comit\u00e9s de Participaci\u00f3n de Padres y Madres de Familia que ayudan para que se tengan las medidas sanitarias a fin de evitar contagios entre la comunidad estudiantil.<\/p>\n\n\n\n<p>Actualmente, en Veracruz la cuarta ola de contagios por COVID-19 ha llegado con su variante \u00d3micron, dejando un alza en los casos positivos entre las y los ciudadanos.<\/p>\n\n\n\n<p>Por \u00faltimo cabe se\u00f1alar que algunas escuelas que regresaron a presencial desde el pasado 3 de enero reportan casos positivos entre la comunidad escuela, sin embargo, no todas han decidido cerrar sus puertas y regresar a la modalidad virtual.<\/p>\n","protected":false},"excerpt":{"rendered":"<p>Dar\u00edo Pale Xalapa, Ver.- El titular de la Secretar\u00eda de Educaci\u00f3n de Veracruz (SEV), Zenyazen Escobar Garc\u00eda dio a conocer que de las 16 mil escuelas que est\u00e1n abiertas, \u00fanicamente 3 han cerrado por casos de COVID-19, en los las y los alumnos y personal docente o administrativo. En conferencia de prensa realizada en palacio [&hellip;]<\/p>\n","protected":false},"author":1,"featured_media":1661,"comment_status":"open","ping_status":"open","sticky":false,"template":"","format":"standard","meta":{"_jetpack_memberships_contains_paid_content":false,"footnotes":""},"categories":[9],"tags":[],"class_list":["post-22200","post","type-post","status-publish","format-standard","has-post-thumbnail","hentry","category-salud"],"jetpack_featured_media_url":"https:\/\/encuentroinformativo.com.mx\/wp-content\/uploads\/2020\/04\/2CF200D1-2BD2-4654-B535-63F14A11CBCA.jpeg","jetpack_sharing_enabled":true,"jetpack_likes_enabled":true,"amp_enabled":true,"_links":{"self":[{"href":"https:\/\/encuentroinformativo.com.mx\/index.php?rest_route=\/wp\/v2\/posts\/22200","targetHints":{"allow":["GET"]}}],"collection":[{"href":"https:\/\/encuentroinformativo.com.mx\/index.php?rest_route=\/wp\/v2\/posts"}],"about":[{"href":"https:\/\/encuentroinformativo.com.mx\/index.php?rest_route=\/wp\/v2\/types\/post"}],"author":[{"embeddable":true,"href":"https:\/\/encuentroinformativo.com.mx\/index.php?rest_route=\/wp\/v2\/users\/1"}],"replies":[{"embeddable":true,"href":"https:\/\/encuentroinformativo.com.mx\/index.php?rest_route=%2Fwp%2Fv2%2Fcomments&post=22200"}],"version-history":[{"count":1,"href":"https:\/\/encuentroinformativo.com.mx\/index.php?rest_route=\/wp\/v2\/posts\/22200\/revisions"}],"predecessor-version":[{"id":22201,"href":"https:\/\/encuentroinformativo.com.mx\/index.php?rest_route=\/wp\/v2\/posts\/22200\/revisions\/22201"}],"wp:featuredmedia":[{"embeddable":true,"href":"https:\/\/encuentroinformativo.com.mx\/index.php?rest_route=\/wp\/v2\/media\/1661"}],"wp:attachment":[{"href":"https:\/\/encuentroinformativo.com.mx\/index.php?rest_route=%2Fwp%2Fv2%2Fmedia&parent=22200"}],"wp:term":[{"taxonomy":"category","embeddable":true,"href":"https:\/\/encuentroinformativo.com.mx\/index.php?rest_route=%2Fwp%2Fv2%2Fcategories&post=22200"},{"taxonomy":"post_tag","embeddable":true,"href":"https:\/\/encuentroinformativo.com.mx\/index.php?rest_route=%2Fwp%2Fv2%2Ftags&post=22200"}],"curies":[{"name":"wp","href":"https:\/\/api.w.org\/{rel}","templated":true}]}}