{"id":22202,"date":"2022-01-12T13:18:49","date_gmt":"2022-01-12T19:18:49","guid":{"rendered":"https:\/\/encuentroinformativo.com.mx\/?p=22202"},"modified":"2022-01-12T13:18:52","modified_gmt":"2022-01-12T19:18:52","slug":"acepta-gobierno-de-veracruz-recomendacion-de-cndh","status":"publish","type":"post","link":"https:\/\/encuentroinformativo.com.mx\/?p=22202","title":{"rendered":"Acepta Gobierno de Veracruz recomendaci\u00f3n de CNDH"},"content":{"rendered":"\n<p><strong>Dar\u00edo Pale<\/strong><\/p>\n\n\n\n<p>Xalapa, Ver.- Aceptan la recomendaci\u00f3n de la Comisi\u00f3n Nacional de Derechos humanos (CNDH), por la detenci\u00f3n ilegal de seis j\u00f3venes en la capital del estado en el pasado mes de septiembre, as\u00ed lo dio a conocer el gobernador de Veracruz Cuitlahuac Garc\u00eda Jim\u00e9nez.<\/p>\n\n\n\n<p>En conferencia de prensa realizada en palacio de gobierno, se\u00f1al\u00f3 que as\u00ed como la Fiscal\u00eda General del Estado, su administraci\u00f3n ha avanzado en el cumplimiento de la recomendaci\u00f3n, ya que a trav\u00e9s de sus redes sociales poste\u00f3 que estaba firmando documentos la noche de este martes, uno de esos era la recomendaci\u00f3n del organismo aut\u00f3nomo.<\/p>\n\n\n\n<p>Dio a conocer que a su administraci\u00f3n le interesa mucho que la Comisi\u00f3n opere y agradeci\u00f3 a la titular, Rosario Piedra Ibarra la misma luego de que fuera muy cuestionada de que no operaba.<\/p>\n\n\n\n<p>&#8220;En efecto el d\u00eda de ayer la Fiscal\u00eda General del Estado respondi\u00f3 a la solicitud de la Comisi\u00f3n Nacional de Derechos Humanos sobre el cumplimiento de recomendaciones, no solamente ha avanzado, el d\u00eda de ayer que notificara la Comisi\u00f3n Nacional de Derechos Humanos de que acept\u00f3 las recomendaciones, sino que acept\u00f3 y ha iniciado el proceso de atender lo que correspond\u00eda a la Fiscal\u00eda General del Estado&#8221;, se\u00f1al\u00f3.<\/p>\n\n\n\n<p>\u201cDe la misma manera, yo ya lo hab\u00eda advertido que \u00edbamos a analizar el documento. Nosotros tambi\u00e9n hemos comenzado a dar cumplimiento a esa recomendaci\u00f3n y el mismo d\u00eda de ayer notificamos&#8221;, agreg\u00f3.<\/p>\n\n\n\n<p>Cabe recordar que el Gobernador critic\u00f3 la defensa del senador Ricardo Monreal por la detenci\u00f3n de los seis j\u00f3venes, al advertir que defend\u00eda a presuntos delincuentes, incluso le recomend\u00f3 que se ocupara mejor de sus quehaceres legislativos.<\/p>\n\n\n\n<p>Los j\u00f3venes fueron detenidos en el mes de septiembre en una plaza de esta capital y se les acus\u00f3 por el delito de ultrajes a la autoridad, lo que los mantuvo presos por m\u00e1s de cuatro meses.<\/p>\n","protected":false},"excerpt":{"rendered":"<p>Dar\u00edo Pale Xalapa, Ver.- Aceptan la recomendaci\u00f3n de la Comisi\u00f3n Nacional de Derechos humanos (CNDH), por la detenci\u00f3n ilegal de seis j\u00f3venes en la capital del estado en el pasado mes de septiembre, as\u00ed lo dio a conocer el gobernador de Veracruz Cuitlahuac Garc\u00eda Jim\u00e9nez. En conferencia de prensa realizada en palacio de gobierno, se\u00f1al\u00f3 [&hellip;]<\/p>\n","protected":false},"author":1,"featured_media":22203,"comment_status":"open","ping_status":"open","sticky":false,"template":"","format":"standard","meta":{"_jetpack_memberships_contains_paid_content":false,"footnotes":""},"categories":[2],"tags":[],"class_list":["post-22202","post","type-post","status-publish","format-standard","has-post-thumbnail","hentry","category-estado"],"jetpack_featured_media_url":"https:\/\/encuentroinformativo.com.mx\/wp-content\/uploads\/2022\/01\/81D25C5E-4D0B-403F-BCDA-EB3D349795DA.jpeg","jetpack_sharing_enabled":true,"jetpack_likes_enabled":true,"amp_enabled":true,"_links":{"self":[{"href":"https:\/\/encuentroinformativo.com.mx\/index.php?rest_route=\/wp\/v2\/posts\/22202","targetHints":{"allow":["GET"]}}],"collection":[{"href":"https:\/\/encuentroinformativo.com.mx\/index.php?rest_route=\/wp\/v2\/posts"}],"about":[{"href":"https:\/\/encuentroinformativo.com.mx\/index.php?rest_route=\/wp\/v2\/types\/post"}],"author":[{"embeddable":true,"href":"https:\/\/encuentroinformativo.com.mx\/index.php?rest_route=\/wp\/v2\/users\/1"}],"replies":[{"embeddable":true,"href":"https:\/\/encuentroinformativo.com.mx\/index.php?rest_route=%2Fwp%2Fv2%2Fcomments&post=22202"}],"version-history":[{"count":1,"href":"https:\/\/encuentroinformativo.com.mx\/index.php?rest_route=\/wp\/v2\/posts\/22202\/revisions"}],"predecessor-version":[{"id":22204,"href":"https:\/\/encuentroinformativo.com.mx\/index.php?rest_route=\/wp\/v2\/posts\/22202\/revisions\/22204"}],"wp:featuredmedia":[{"embeddable":true,"href":"https:\/\/encuentroinformativo.com.mx\/index.php?rest_route=\/wp\/v2\/media\/22203"}],"wp:attachment":[{"href":"https:\/\/encuentroinformativo.com.mx\/index.php?rest_route=%2Fwp%2Fv2%2Fmedia&parent=22202"}],"wp:term":[{"taxonomy":"category","embeddable":true,"href":"https:\/\/encuentroinformativo.com.mx\/index.php?rest_route=%2Fwp%2Fv2%2Fcategories&post=22202"},{"taxonomy":"post_tag","embeddable":true,"href":"https:\/\/encuentroinformativo.com.mx\/index.php?rest_route=%2Fwp%2Fv2%2Ftags&post=22202"}],"curies":[{"name":"wp","href":"https:\/\/api.w.org\/{rel}","templated":true}]}}