{"id":22205,"date":"2022-01-12T13:45:39","date_gmt":"2022-01-12T19:45:39","guid":{"rendered":"https:\/\/encuentroinformativo.com.mx\/?p=22205"},"modified":"2022-01-12T13:45:43","modified_gmt":"2022-01-12T19:45:43","slug":"reclaman-mejor-atencion-para-enfermedades-cronico-degenerativas","status":"publish","type":"post","link":"https:\/\/encuentroinformativo.com.mx\/?p=22205","title":{"rendered":"Reclaman mejor atenci\u00f3n para enfermedades cr\u00f3nico degenerativas"},"content":{"rendered":"\n<p><strong>Juan Arcos<\/strong><\/p>\n\n\n\n<p>Xalapa, Ver.- Integrantes de la asociaci\u00f3n civil \u201cCaminemos Juntos con \u00d3scar Garrido\u201d protestaron frente a Palacio de Gobierno y en el parque Benito Ju\u00e1rez para solicitar a las autoridades estatales que mejore la atenci\u00f3n a personas con enfermedades cr\u00f3nicas degenerativas.<\/p>\n\n\n\n<p>De acuerdo con Mario Garc\u00eda Ju\u00e1rez, quien preside la Comisi\u00f3n de Salud de la organizaci\u00f3n, dichos pacientes no reciben una buena atenci\u00f3n en los hospitales debido a que los m\u00e9dicos dan prioridad a los pacientes con SARS-CoV2 (Covid-19).<\/p>\n\n\n\n<p>\u201cLa gente necesita m\u00e1s atenci\u00f3n en comunidades apartadas, que nosotros como asociaci\u00f3n hemos llegado y hemos podido dar un granito de arena a esa gente que tienen necesidades may\u00fasculas de servicios de salud, todas las peticiones las metemos a gobierno del estado y han sido respuestas positivas\u201d, expres\u00f3.<\/p>\n\n\n\n<p>El entrevistado mencion\u00f3 que la organizaci\u00f3n ha brindado apoyo a pacientes con coronavirus de las localidades alejadas para que accedan a servicios de salud.<\/p>\n\n\n\n<p>\u201cHemos aportado lo que hemos podido para sacar adelante a pacientes con COVID, son gente que hemos rescatado de comunidades alejadas\u201d, a\u00f1adi\u00f3.<\/p>\n\n\n\n<p>Garc\u00eda Ju\u00e1rez indic\u00f3 que el presidente de la asociaci\u00f3n civil, \u00d3scar Garrido, se reunir\u00eda con el gobernador Cuitl\u00e1huac Garc\u00eda Jim\u00e9nez para exponerle la problem\u00e1tica en busca de una soluci\u00f3n.<\/p>\n\n\n\n<p>\u201cLa mayor\u00eda de las peticiones son en cuesti\u00f3n de salud, muchas personas de escasos recursos con enfermedades cr\u00f3nicas degenerativas debido a la pandemia necesitan la atenci\u00f3n en comunidades apartadas\u201d.<\/p>\n\n\n\n<p>Las oficinas de la asociaci\u00f3n civil se encuentran sobre la calle Isauro Acosta n\u00famero 34, en la zona centro de la capital veracruzana.<\/p>\n","protected":false},"excerpt":{"rendered":"<p>Juan Arcos Xalapa, Ver.- Integrantes de la asociaci\u00f3n civil \u201cCaminemos Juntos con \u00d3scar Garrido\u201d protestaron frente a Palacio de Gobierno y en el parque Benito Ju\u00e1rez para solicitar a las autoridades estatales que mejore la atenci\u00f3n a personas con enfermedades cr\u00f3nicas degenerativas. De acuerdo con Mario Garc\u00eda Ju\u00e1rez, quien preside la Comisi\u00f3n de Salud de [&hellip;]<\/p>\n","protected":false},"author":1,"featured_media":22206,"comment_status":"open","ping_status":"open","sticky":false,"template":"","format":"standard","meta":{"_jetpack_memberships_contains_paid_content":false,"footnotes":""},"categories":[9],"tags":[],"class_list":["post-22205","post","type-post","status-publish","format-standard","has-post-thumbnail","hentry","category-salud"],"jetpack_featured_media_url":"https:\/\/encuentroinformativo.com.mx\/wp-content\/uploads\/2022\/01\/97ED37DE-2DA9-4511-BF81-E1D8F5059BEC.jpeg","jetpack_sharing_enabled":true,"jetpack_likes_enabled":true,"amp_enabled":true,"_links":{"self":[{"href":"https:\/\/encuentroinformativo.com.mx\/index.php?rest_route=\/wp\/v2\/posts\/22205","targetHints":{"allow":["GET"]}}],"collection":[{"href":"https:\/\/encuentroinformativo.com.mx\/index.php?rest_route=\/wp\/v2\/posts"}],"about":[{"href":"https:\/\/encuentroinformativo.com.mx\/index.php?rest_route=\/wp\/v2\/types\/post"}],"author":[{"embeddable":true,"href":"https:\/\/encuentroinformativo.com.mx\/index.php?rest_route=\/wp\/v2\/users\/1"}],"replies":[{"embeddable":true,"href":"https:\/\/encuentroinformativo.com.mx\/index.php?rest_route=%2Fwp%2Fv2%2Fcomments&post=22205"}],"version-history":[{"count":1,"href":"https:\/\/encuentroinformativo.com.mx\/index.php?rest_route=\/wp\/v2\/posts\/22205\/revisions"}],"predecessor-version":[{"id":22207,"href":"https:\/\/encuentroinformativo.com.mx\/index.php?rest_route=\/wp\/v2\/posts\/22205\/revisions\/22207"}],"wp:featuredmedia":[{"embeddable":true,"href":"https:\/\/encuentroinformativo.com.mx\/index.php?rest_route=\/wp\/v2\/media\/22206"}],"wp:attachment":[{"href":"https:\/\/encuentroinformativo.com.mx\/index.php?rest_route=%2Fwp%2Fv2%2Fmedia&parent=22205"}],"wp:term":[{"taxonomy":"category","embeddable":true,"href":"https:\/\/encuentroinformativo.com.mx\/index.php?rest_route=%2Fwp%2Fv2%2Fcategories&post=22205"},{"taxonomy":"post_tag","embeddable":true,"href":"https:\/\/encuentroinformativo.com.mx\/index.php?rest_route=%2Fwp%2Fv2%2Ftags&post=22205"}],"curies":[{"name":"wp","href":"https:\/\/api.w.org\/{rel}","templated":true}]}}