{"id":22208,"date":"2022-01-12T13:50:13","date_gmt":"2022-01-12T19:50:13","guid":{"rendered":"https:\/\/encuentroinformativo.com.mx\/?p=22208"},"modified":"2022-01-12T13:50:17","modified_gmt":"2022-01-12T19:50:17","slug":"crimenes-de-odio-siguen-en-impunidad","status":"publish","type":"post","link":"https:\/\/encuentroinformativo.com.mx\/?p=22208","title":{"rendered":"Cr\u00edmenes de odio siguen en impunidad"},"content":{"rendered":"\n<p><strong>Juan Arcos <\/strong><\/p>\n\n\n\n<p>Xalapa, Ver.- Del a\u00f1o 2013 al 2022, se contabilizaron 248 cr\u00edmenes de odio por homofobia y transfobia en el estado de Veracruz, donde el 91 por ciento de los casos contin\u00faa en la impunidad.<\/p>\n\n\n\n<p>As\u00ed lo dio a conocer Jazz Bustamante, integrante del Observatorio Nacional Contra los Cr\u00edmenes de Odio (ONCO), en la presentaci\u00f3n del informe Impunidad 2013\/2021.<\/p>\n\n\n\n<p>La activista revel\u00f3 que destacan los cr\u00edmenes cometidos con armas punzocortantes, armas de fuego, as\u00ed como tambi\u00e9n, los casos de tortura, asfixia y abuso sexual.<\/p>\n\n\n\n<p>\u201cEn algunos casos lamentablemente la brutalidad llega a la lapidaci\u00f3n. Solo el cinco por ciento de los casos contin\u00faan con el debido proceso y el 91 por ciento de los casos lamentablemente se encuentran en impunidad\u201d, expres\u00f3 la defensora de los derechos de la comunidad de la diversidad sexual.<\/p>\n\n\n\n<p>Veracruz se encuentra entre los primeros tres lugares a nivel nacional desde 2012 con m\u00e1s casos de cr\u00edmenes de odio.<\/p>\n\n\n\n<p>Las agresiones contin\u00faan siendo constantes en la entidad veracruzana, toda vez que se carece de un plan interinstitucional para atender de fondo el problema.<\/p>\n\n\n\n<p>A su juicio, las acciones en materia de prevenci\u00f3n del delito no han dado resultados favorables en la poblaci\u00f3n y persiste el discurso de odio en redes sociales.<\/p>\n\n\n\n<p>De enero de 2021 a enero de 2022 se reportaron 26 cr\u00edmenes de integrantes de la comunidad L\u00e9sbico, Gay, Bisexual y Transexual (LGBT).<\/p>\n\n\n\n<p>Las organizaciones civiles insisten en la importancia de un debido proceso de los casos para clasificarlos correctamente en las carpetas de investigaci\u00f3n que lleva la Fiscal\u00eda General del Estado (FGE).<\/p>\n\n\n\n<p>\u201cTambi\u00e9n seguimos siendo quienes se\u00f1alan el casi nulo desempe\u00f1o de las tres \u00faltimas administraciones al frente de la Fiscal\u00eda General Del Estado, en todas resaltan la ineficacia, falta de capacidad en \u00e1reas de perspectiva de g\u00e9nero y derechos humanos, oficinas que replican el mismo trabajo y hace burocr\u00e1tico y torpe el debido proceso. Falta de personal en \u00e1reas de peritos especializados y comit\u00e9s de vigilancia de la Sociedad civil\u201d, se lee en el informe.<\/p>\n","protected":false},"excerpt":{"rendered":"<p>Juan Arcos Xalapa, Ver.- Del a\u00f1o 2013 al 2022, se contabilizaron 248 cr\u00edmenes de odio por homofobia y transfobia en el estado de Veracruz, donde el 91 por ciento de los casos contin\u00faa en la impunidad. As\u00ed lo dio a conocer Jazz Bustamante, integrante del Observatorio Nacional Contra los Cr\u00edmenes de Odio (ONCO), en la [&hellip;]<\/p>\n","protected":false},"author":1,"featured_media":22209,"comment_status":"open","ping_status":"open","sticky":false,"template":"","format":"standard","meta":{"_jetpack_memberships_contains_paid_content":false,"footnotes":""},"categories":[2],"tags":[],"class_list":["post-22208","post","type-post","status-publish","format-standard","has-post-thumbnail","hentry","category-estado"],"jetpack_featured_media_url":"https:\/\/encuentroinformativo.com.mx\/wp-content\/uploads\/2022\/01\/B2709423-FFB5-4DBC-B07E-5ED17462370A.jpeg","jetpack_sharing_enabled":true,"jetpack_likes_enabled":true,"amp_enabled":true,"_links":{"self":[{"href":"https:\/\/encuentroinformativo.com.mx\/index.php?rest_route=\/wp\/v2\/posts\/22208","targetHints":{"allow":["GET"]}}],"collection":[{"href":"https:\/\/encuentroinformativo.com.mx\/index.php?rest_route=\/wp\/v2\/posts"}],"about":[{"href":"https:\/\/encuentroinformativo.com.mx\/index.php?rest_route=\/wp\/v2\/types\/post"}],"author":[{"embeddable":true,"href":"https:\/\/encuentroinformativo.com.mx\/index.php?rest_route=\/wp\/v2\/users\/1"}],"replies":[{"embeddable":true,"href":"https:\/\/encuentroinformativo.com.mx\/index.php?rest_route=%2Fwp%2Fv2%2Fcomments&post=22208"}],"version-history":[{"count":1,"href":"https:\/\/encuentroinformativo.com.mx\/index.php?rest_route=\/wp\/v2\/posts\/22208\/revisions"}],"predecessor-version":[{"id":22210,"href":"https:\/\/encuentroinformativo.com.mx\/index.php?rest_route=\/wp\/v2\/posts\/22208\/revisions\/22210"}],"wp:featuredmedia":[{"embeddable":true,"href":"https:\/\/encuentroinformativo.com.mx\/index.php?rest_route=\/wp\/v2\/media\/22209"}],"wp:attachment":[{"href":"https:\/\/encuentroinformativo.com.mx\/index.php?rest_route=%2Fwp%2Fv2%2Fmedia&parent=22208"}],"wp:term":[{"taxonomy":"category","embeddable":true,"href":"https:\/\/encuentroinformativo.com.mx\/index.php?rest_route=%2Fwp%2Fv2%2Fcategories&post=22208"},{"taxonomy":"post_tag","embeddable":true,"href":"https:\/\/encuentroinformativo.com.mx\/index.php?rest_route=%2Fwp%2Fv2%2Ftags&post=22208"}],"curies":[{"name":"wp","href":"https:\/\/api.w.org\/{rel}","templated":true}]}}