{"id":22224,"date":"2022-01-13T09:38:38","date_gmt":"2022-01-13T15:38:38","guid":{"rendered":"https:\/\/encuentroinformativo.com.mx\/?p=22224"},"modified":"2022-01-13T09:38:42","modified_gmt":"2022-01-13T15:38:42","slug":"reclaman-normalistas-transparencia-en-asignacion-de-plazas","status":"publish","type":"post","link":"https:\/\/encuentroinformativo.com.mx\/?p=22224","title":{"rendered":"Reclaman normalistas transparencia en asignaci\u00f3n de plazas"},"content":{"rendered":"\n<p><strong>Juan Arcos<\/strong> <\/p>\n\n\n\n<p>Xalapa, Ver.- Un grupo de egresados normalistas protest\u00f3 y tom\u00f3 las oficinas centrales de la Secretar\u00eda de Educaci\u00f3n de Veracruz (SEV) para denunciar que no hay transparencia en el proceso de asignaci\u00f3n de plazas magisteriales.<\/p>\n\n\n\n<p>Los quejosos arribaron a las instalaciones de la dependencia estatal desde las cinco de la madrugada y colocaron pancartas sobre la puerta principal, donde se le\u00edan mensajes como: \u201cno vendan mi plaza\u201d, \u201ctransparencia en vacantes por materia\u201d y \u201cplazas definitivas, no temporales, Tebaev\u201d.<\/p>\n\n\n\n<p>Los manifestantes denunciaron que dicho problema es notorio en el proceso para la asignaci\u00f3n de plazas en el Telebachillerato del Estado de Veracruz (Tebaev) y en el nivel de educaci\u00f3n b\u00e1sica.<\/p>\n\n\n\n<p>\u201cEstamos decepcionados de c\u00f3mo est\u00e1 llevando esta administraci\u00f3n los procesos y es por eso, por lo cual venimos\u201d, expresaron de manera an\u00f3nima por temor a represalias.\u00a0<br>Los profesores iniciaron el tr\u00e1mite desde febrero o marzo del a\u00f1o pasado, mismo que no ha sido gratuito, pues tuvieron que pagar un curso y les exigieron capacitaci\u00f3n pedag\u00f3gica y cierto nivel del idioma ingl\u00e9s.<\/p>\n\n\n\n<p>Los quejosos acusaron que hasta este momento no han accedido a una plaza, pese a haber cumplido con todos los requisitos y haber quedado en los primeros lugares de las listas.<\/p>\n\n\n\n<p>\u201cTodos los que estamos aqu\u00ed somos los primeros lugares, somos los maestros mejor preparados para dar clases en Telebachillerato; sin embargo, a nadie le han asignado plaza ni lo han llamado\u201d.<\/p>\n\n\n\n<p>Los egresados tambi\u00e9n reportaron fallas y anomal\u00edas en la Unidad del Sistema para la Carrera de Maestros y Maestras (Usicamm), donde se ofertan las plazas vacantes.<\/p>\n\n\n\n<p>\u201cSe supone que hay una p\u00e1gina y, por la ley de transparencia, nos deber\u00edan decir cu\u00e1ntas vacantes hay; sin embargo, desde el a\u00f1o pasado no nos dicen si hay una vacante para cualquier asignatura\u201d, enfatizaron.<\/p>\n","protected":false},"excerpt":{"rendered":"<p>Juan Arcos Xalapa, Ver.- Un grupo de egresados normalistas protest\u00f3 y tom\u00f3 las oficinas centrales de la Secretar\u00eda de Educaci\u00f3n de Veracruz (SEV) para denunciar que no hay transparencia en el proceso de asignaci\u00f3n de plazas magisteriales. Los quejosos arribaron a las instalaciones de la dependencia estatal desde las cinco de la madrugada y colocaron [&hellip;]<\/p>\n","protected":false},"author":1,"featured_media":22225,"comment_status":"open","ping_status":"open","sticky":false,"template":"","format":"standard","meta":{"_jetpack_memberships_contains_paid_content":false,"footnotes":""},"categories":[3],"tags":[],"class_list":["post-22224","post","type-post","status-publish","format-standard","has-post-thumbnail","hentry","category-xalapa"],"jetpack_featured_media_url":"https:\/\/encuentroinformativo.com.mx\/wp-content\/uploads\/2022\/01\/0643B678-8D3A-48C3-A637-8C705E724BF8.jpeg","jetpack_sharing_enabled":true,"jetpack_likes_enabled":true,"amp_enabled":true,"_links":{"self":[{"href":"https:\/\/encuentroinformativo.com.mx\/index.php?rest_route=\/wp\/v2\/posts\/22224","targetHints":{"allow":["GET"]}}],"collection":[{"href":"https:\/\/encuentroinformativo.com.mx\/index.php?rest_route=\/wp\/v2\/posts"}],"about":[{"href":"https:\/\/encuentroinformativo.com.mx\/index.php?rest_route=\/wp\/v2\/types\/post"}],"author":[{"embeddable":true,"href":"https:\/\/encuentroinformativo.com.mx\/index.php?rest_route=\/wp\/v2\/users\/1"}],"replies":[{"embeddable":true,"href":"https:\/\/encuentroinformativo.com.mx\/index.php?rest_route=%2Fwp%2Fv2%2Fcomments&post=22224"}],"version-history":[{"count":1,"href":"https:\/\/encuentroinformativo.com.mx\/index.php?rest_route=\/wp\/v2\/posts\/22224\/revisions"}],"predecessor-version":[{"id":22226,"href":"https:\/\/encuentroinformativo.com.mx\/index.php?rest_route=\/wp\/v2\/posts\/22224\/revisions\/22226"}],"wp:featuredmedia":[{"embeddable":true,"href":"https:\/\/encuentroinformativo.com.mx\/index.php?rest_route=\/wp\/v2\/media\/22225"}],"wp:attachment":[{"href":"https:\/\/encuentroinformativo.com.mx\/index.php?rest_route=%2Fwp%2Fv2%2Fmedia&parent=22224"}],"wp:term":[{"taxonomy":"category","embeddable":true,"href":"https:\/\/encuentroinformativo.com.mx\/index.php?rest_route=%2Fwp%2Fv2%2Fcategories&post=22224"},{"taxonomy":"post_tag","embeddable":true,"href":"https:\/\/encuentroinformativo.com.mx\/index.php?rest_route=%2Fwp%2Fv2%2Ftags&post=22224"}],"curies":[{"name":"wp","href":"https:\/\/api.w.org\/{rel}","templated":true}]}}