{"id":22230,"date":"2022-01-13T11:19:23","date_gmt":"2022-01-13T17:19:23","guid":{"rendered":"https:\/\/encuentroinformativo.com.mx\/?p=22230"},"modified":"2022-01-13T11:19:26","modified_gmt":"2022-01-13T17:19:26","slug":"mantendran-cuadrillas-de-bacheo-24-7","status":"publish","type":"post","link":"https:\/\/encuentroinformativo.com.mx\/?p=22230","title":{"rendered":"Mantendr\u00e1n cuadrillas de bacheo 24\/7"},"content":{"rendered":"\n<p><strong>Alejandro \u00c1vila<\/strong><\/p>\n\n\n\n<p>Veracruz, Ver.- El Ayuntamiento de Veracruz dispondr\u00e1 en una primera etapa, de seis cuadrillas de bacheo que trabajar\u00e1n en dos turnos los siete d\u00edas de la semana, inform\u00f3 el director de Mantenimiento Urbano, Jos\u00e9 Antonio Salazar R\u00edos.<\/p>\n\n\n\n<p>En total, se tiene un registro de cerca de 17 mil baches en la ciudad, y si bien en una primera etapa se enfocar\u00e1n en las calles del Centro Hist\u00f3rico y las entradas y salidas de la ciudad, en la segunda etapa del 2022 continuar\u00e1n en la zona norte.<\/p>\n\n\n\n<p>&#8220;De inicio el programa es en el Centro Hist\u00f3rico de la ciudad, del mismo modo vamos a estar atendiendo la zona norte, la zona sur, que vienen siendo los distribuidores viales, tanto el de J.B. Lobos &#8211; Aeropuerto, como el de la Cabeza Olmeca, vamos a estar de igual forma en la zona poniente, y de esto vamos a estar atendiendo muchas de las colonias del centro de la ciudad&#8221;, destac\u00f3 el funcionario municipal.<\/p>\n\n\n\n<p>A finales del mes de febrero comienzan a llegar los recursos federales y se detallar\u00e1 el Plan General de Inversi\u00f3n 2022, ah\u00ed sabr\u00e1n si podr\u00e1n incrementar el personal y aumentar el n\u00famero de cuadrillas para acelerar el proceso de atenci\u00f3n en calles y colonias.<\/p>\n\n\n\n<p>&#8220;Uno de las principales que nuestra alcaldesa nos encomienda es atender entradas y salidas de la ciudad de Veracruz, en el caso de los distribuidores viales, tanto Cabeza Olmeca como J.B. Lobos &#8211; Aeropuerto. Los fraccionamientos como el arranque que tuvimos ah\u00ed en Los Volcanes &#8211; El Coyol, El Coyol en todas las secciones, est\u00e1 el Eje 1 Poniente que vamos a estar atendiendo, igual la zona centro de la ciudad como es, ya estamos atendiendo las calles desde Montesinos, Zamora, Mario Molina, Arista, Serd\u00e1n, igual de Allende hasta Zaragoza, todas las calles, Allende, Guerrero, Hidalgo, Madero, hasta Zaragoza, y de Allende hasta Circunvalaci\u00f3n, es como vamos a estar atendiendo en estos primeros d\u00edas&#8221;, subray\u00f3.<\/p>\n\n\n\n<p>Finalmente, Salazar R\u00edos, dijo que en la segunda etapa de bacheo en el 2022, se trabajar\u00e1 en colonias como, Infonavit Buena Vista, Infonavit R\u00edo Medio 1, 2 y 3, Lomas de R\u00edo Medio y Torrentes.<\/p>\n","protected":false},"excerpt":{"rendered":"<p>Alejandro \u00c1vila Veracruz, Ver.- El Ayuntamiento de Veracruz dispondr\u00e1 en una primera etapa, de seis cuadrillas de bacheo que trabajar\u00e1n en dos turnos los siete d\u00edas de la semana, inform\u00f3 el director de Mantenimiento Urbano, Jos\u00e9 Antonio Salazar R\u00edos. En total, se tiene un registro de cerca de 17 mil baches en la ciudad, y [&hellip;]<\/p>\n","protected":false},"author":1,"featured_media":22231,"comment_status":"open","ping_status":"open","sticky":false,"template":"","format":"standard","meta":{"_jetpack_memberships_contains_paid_content":false,"footnotes":""},"categories":[2],"tags":[],"class_list":["post-22230","post","type-post","status-publish","format-standard","has-post-thumbnail","hentry","category-estado"],"jetpack_featured_media_url":"https:\/\/encuentroinformativo.com.mx\/wp-content\/uploads\/2022\/01\/893B3635-7AF2-4ED6-BEA7-C5B6DB1D53C6.jpeg","jetpack_sharing_enabled":true,"jetpack_likes_enabled":true,"amp_enabled":true,"_links":{"self":[{"href":"https:\/\/encuentroinformativo.com.mx\/index.php?rest_route=\/wp\/v2\/posts\/22230","targetHints":{"allow":["GET"]}}],"collection":[{"href":"https:\/\/encuentroinformativo.com.mx\/index.php?rest_route=\/wp\/v2\/posts"}],"about":[{"href":"https:\/\/encuentroinformativo.com.mx\/index.php?rest_route=\/wp\/v2\/types\/post"}],"author":[{"embeddable":true,"href":"https:\/\/encuentroinformativo.com.mx\/index.php?rest_route=\/wp\/v2\/users\/1"}],"replies":[{"embeddable":true,"href":"https:\/\/encuentroinformativo.com.mx\/index.php?rest_route=%2Fwp%2Fv2%2Fcomments&post=22230"}],"version-history":[{"count":1,"href":"https:\/\/encuentroinformativo.com.mx\/index.php?rest_route=\/wp\/v2\/posts\/22230\/revisions"}],"predecessor-version":[{"id":22232,"href":"https:\/\/encuentroinformativo.com.mx\/index.php?rest_route=\/wp\/v2\/posts\/22230\/revisions\/22232"}],"wp:featuredmedia":[{"embeddable":true,"href":"https:\/\/encuentroinformativo.com.mx\/index.php?rest_route=\/wp\/v2\/media\/22231"}],"wp:attachment":[{"href":"https:\/\/encuentroinformativo.com.mx\/index.php?rest_route=%2Fwp%2Fv2%2Fmedia&parent=22230"}],"wp:term":[{"taxonomy":"category","embeddable":true,"href":"https:\/\/encuentroinformativo.com.mx\/index.php?rest_route=%2Fwp%2Fv2%2Fcategories&post=22230"},{"taxonomy":"post_tag","embeddable":true,"href":"https:\/\/encuentroinformativo.com.mx\/index.php?rest_route=%2Fwp%2Fv2%2Ftags&post=22230"}],"curies":[{"name":"wp","href":"https:\/\/api.w.org\/{rel}","templated":true}]}}