{"id":22239,"date":"2022-01-13T12:08:56","date_gmt":"2022-01-13T18:08:56","guid":{"rendered":"https:\/\/encuentroinformativo.com.mx\/?p=22239"},"modified":"2022-01-13T12:09:00","modified_gmt":"2022-01-13T18:09:00","slug":"confirma-diputado-cazarin-estar-hospitalizado","status":"publish","type":"post","link":"https:\/\/encuentroinformativo.com.mx\/?p=22239","title":{"rendered":"Confirma diputado Cazar\u00edn estar hospitalizado"},"content":{"rendered":"\n<p><strong>Dar\u00edo Pale<\/strong><\/p>\n\n\n\n<p>Xalapa, Ver.- El diputado presidente de la Junta de Coordinaci\u00f3n Pol\u00edtica en Veracruz, Juan Javier G\u00f3mez Cazar\u00edn confirm\u00f3 estar hospitalizado en la Beneficencia Espa\u00f1ola, aunque no dio a conocer \u00a0el motivo de su enfermedad.<\/p>\n\n\n\n<p>Lo anterior se debe a que despu\u00e9s de que circulara en redes sociales que se le complic\u00f3 un cuadro de neumon\u00eda derivado del COVID-19, el propio legislador public\u00f3 una fotograf\u00eda en donde demuestra estar en el hospital.<\/p>\n\n\n\n<p>Agradeci\u00f3 la atenci\u00f3n brindada por el especialista Xicotencatl Garc\u00eda Jim\u00e9nez, hermano del gobernador Cuitl\u00e1huac Garc\u00eda Jim\u00e9nez.<\/p>\n\n\n\n<p>Es de mencionar que Juan Javier G\u00f3mez G\u00f3mez Cazar\u00edn ingreso al nosocomio, el pasado 08 de enero de 2022, informaci\u00f3n que se pudo confirmar por medio de una fotograf\u00eda.<\/p>\n\n\n\n<p>&#8220;Gracias a Dios por siempre cuidarme y a todos ustedes que siempre me tienen presentes en sus oraciones amigas y amigos.\u00a0<br>Pero hoy quiero dar las gracias muy especialmente al Dr. Xicotencatl Garc\u00eda Jim\u00e9nez, un s\u00faper profesionista que no ve el horario para atender a sus pacientes, arriesgando su vida como miles de empleados del servicio m\u00e9dico, en todo el mundo. No tengo como pagarle todo lo que hace por mi doctor, solo mi agradecimiento eternamente, nunca olvidare estas visitas a estas horas de la madrugada.<\/p>\n\n\n\n<p>Pd. Amigos y amigas no se me espanten hay mucha le\u00f1a en este palo todav\u00eda&#8221;, dijo en un mensaje por medio de redes sociales.<\/p>\n","protected":false},"excerpt":{"rendered":"<p>Dar\u00edo Pale Xalapa, Ver.- El diputado presidente de la Junta de Coordinaci\u00f3n Pol\u00edtica en Veracruz, Juan Javier G\u00f3mez Cazar\u00edn confirm\u00f3 estar hospitalizado en la Beneficencia Espa\u00f1ola, aunque no dio a conocer \u00a0el motivo de su enfermedad. Lo anterior se debe a que despu\u00e9s de que circulara en redes sociales que se le complic\u00f3 un cuadro [&hellip;]<\/p>\n","protected":false},"author":1,"featured_media":16243,"comment_status":"open","ping_status":"open","sticky":false,"template":"","format":"standard","meta":{"_jetpack_memberships_contains_paid_content":false,"footnotes":""},"categories":[9],"tags":[],"class_list":["post-22239","post","type-post","status-publish","format-standard","has-post-thumbnail","hentry","category-salud"],"jetpack_featured_media_url":"https:\/\/encuentroinformativo.com.mx\/wp-content\/uploads\/2021\/07\/Javier-Cazarin.jpg","jetpack_sharing_enabled":true,"jetpack_likes_enabled":true,"amp_enabled":true,"_links":{"self":[{"href":"https:\/\/encuentroinformativo.com.mx\/index.php?rest_route=\/wp\/v2\/posts\/22239","targetHints":{"allow":["GET"]}}],"collection":[{"href":"https:\/\/encuentroinformativo.com.mx\/index.php?rest_route=\/wp\/v2\/posts"}],"about":[{"href":"https:\/\/encuentroinformativo.com.mx\/index.php?rest_route=\/wp\/v2\/types\/post"}],"author":[{"embeddable":true,"href":"https:\/\/encuentroinformativo.com.mx\/index.php?rest_route=\/wp\/v2\/users\/1"}],"replies":[{"embeddable":true,"href":"https:\/\/encuentroinformativo.com.mx\/index.php?rest_route=%2Fwp%2Fv2%2Fcomments&post=22239"}],"version-history":[{"count":1,"href":"https:\/\/encuentroinformativo.com.mx\/index.php?rest_route=\/wp\/v2\/posts\/22239\/revisions"}],"predecessor-version":[{"id":22240,"href":"https:\/\/encuentroinformativo.com.mx\/index.php?rest_route=\/wp\/v2\/posts\/22239\/revisions\/22240"}],"wp:featuredmedia":[{"embeddable":true,"href":"https:\/\/encuentroinformativo.com.mx\/index.php?rest_route=\/wp\/v2\/media\/16243"}],"wp:attachment":[{"href":"https:\/\/encuentroinformativo.com.mx\/index.php?rest_route=%2Fwp%2Fv2%2Fmedia&parent=22239"}],"wp:term":[{"taxonomy":"category","embeddable":true,"href":"https:\/\/encuentroinformativo.com.mx\/index.php?rest_route=%2Fwp%2Fv2%2Fcategories&post=22239"},{"taxonomy":"post_tag","embeddable":true,"href":"https:\/\/encuentroinformativo.com.mx\/index.php?rest_route=%2Fwp%2Fv2%2Ftags&post=22239"}],"curies":[{"name":"wp","href":"https:\/\/api.w.org\/{rel}","templated":true}]}}