{"id":22251,"date":"2022-01-13T13:25:28","date_gmt":"2022-01-13T19:25:28","guid":{"rendered":"https:\/\/encuentroinformativo.com.mx\/?p=22251"},"modified":"2022-01-13T13:25:31","modified_gmt":"2022-01-13T19:25:31","slug":"accidente-en-libramiento-xalapa-perote-dejo-2-muertos","status":"publish","type":"post","link":"https:\/\/encuentroinformativo.com.mx\/?p=22251","title":{"rendered":"Accidente en libramiento Xalapa- Perote dej\u00f3 2 muertos"},"content":{"rendered":"\n<p><strong>Juan Arcos\/Dar\u00edo Pale <\/strong><\/p>\n\n\n\n<p>Xalapa, Ver.- Un autob\u00fas de la l\u00ednea ADO se impact\u00f3 contra un tr\u00e1iler sobre la autopista Perote-Xalapa, a la altura del municipio de Las Vigas, donde dos personas fallecieron y otras nueve resultaron heridas.<\/p>\n\n\n\n<p>Los hechos ocurrieron 4:15 horas de la madrugada de este jueves 13 de enero, poco antes de llegar a la caseta de Las Vigas de Ram\u00edrez.<\/p>\n\n\n\n<p>De acuerdo con los primeros reportes, la unidad de carga pesada se encontraba estacionada sobre la v\u00eda de comunicaci\u00f3n ante una presunta falla mec\u00e1nica, sin luces preventivas ni se\u00f1alamientos.<\/p>\n\n\n\n<p>El conductor del cami\u00f3n de pasajeros, que proced\u00eda de la Ciudad de M\u00e9xico, intent\u00f3 esquivar al tractocami\u00f3n, pero no le fue posible y lo choc\u00f3 a un costado, quedando destruida la parte delantera y el costado derecho del autob\u00fas ADO GL, color morado.<\/p>\n\n\n\n<p>Al sitio acudieron grupos de rescate de los municipios de Perote, Las Vigas y de la ciudad de Xalapa, para atender a los heridos.\u00a0<\/p>\n\n\n\n<p>Tambi\u00e9n arribaron polic\u00edas estatales y personal de la Direcci\u00f3n General de Servicios Periciales para iniciar las maniobras y posteriormente trasladar los cuerpos de Sergio P\u00e9rez Blanco y Camelia P\u00e9rez M\u00e9ndez al Servicio M\u00e9dico Forense (Semefo).<\/p>\n\n\n\n<p>Los heridos son: Jorge L\u00f3pez Guti\u00e9rrez,Jos\u00e9 Yuliet Hern\u00e1ndez Rodr\u00edguez, Pedro, Pablo Robles Jim\u00e9nez, Irma L\u00f3pez Ortega, Pedro Ram\u00edrez Onofre y Jose Eduardo Hern\u00e1ndez Tapia, quienes fueron traslados en ambulancias a distintos hospitales de Xalapa.<\/p>\n\n\n\n<p>En el lugar del siniestro tambi\u00e9n fueron atendidos Celso Aguilar M\u00e9ndez, Miguel \u00c1ngel Mej\u00eda R\u00edos y Carlos S\u00e1nchez Mej\u00eda, quienes no requirieron hospitalizaci\u00f3n.<\/p>\n\n\n\n<p>Las maniobras para el retiro de las unidades siniestradas han tardado horas, lo que afect\u00f3 el tr\u00e1nsito con direcci\u00f3n a la ciudad de Xalapa.<\/p>\n\n\n\n<p>Cabe recordar que dicha carretera es considerada peligrosa por la condiciones de neblina que impiden la visibilidad a los conductores.<\/p>\n\n\n\n<p>Circularon una la lista de lesionados del accidente del ADO y los nosocomios a donde habr\u00edan sido trasladados.<br>Pacientes trasladados a CAE-Xalapa:<br>1.- Jorge L\u00f3pez Guti\u00e9rrez<\/p>\n\n\n\n<p>2.- Jos\u00e9 Yuliet Hern\u00e1ndez Rodr\u00edguez<br>Pacientes trasladados a IMSS:<br>3.- Pedro Pablo Robles Jim\u00e9nez<\/p>\n\n\n\n<p>4.- Irma L\u00f3pez Ortega\u00a05.- Pedro Ram\u00edrez Onofre<\/p>\n\n\n\n<p>Pacientes trasladados a Sanatorio San Francisco:<br>6.- Jose Eduardo Hern\u00e1ndez Tapia<\/p>\n\n\n\n<p>Personas evaluadas en el lugar:\u00a0<br>Celso Aguilar M\u00e9ndez, Miguel \u00c1ngel Mej\u00eda R\u00edos y Carlos S\u00e1nchez Mej\u00eda.<\/p>\n\n\n\n<p>Asimismo, se dio a conocer que las personas que habr\u00edan perdido la vida son:<br>Sergio P\u00e9rez Blanco con domicilio en 5 de febrero 135 colonia Santa Apolinia en Azcapotzalco.\u00a0Camelia P\u00e9rez M\u00e9ndez de 57 a\u00f1os con domicilio en Margarita Mor\u00e1n Veliz primera secci\u00f3n.<\/p>\n","protected":false},"excerpt":{"rendered":"<p>Juan Arcos\/Dar\u00edo Pale Xalapa, Ver.- Un autob\u00fas de la l\u00ednea ADO se impact\u00f3 contra un tr\u00e1iler sobre la autopista Perote-Xalapa, a la altura del municipio de Las Vigas, donde dos personas fallecieron y otras nueve resultaron heridas. Los hechos ocurrieron 4:15 horas de la madrugada de este jueves 13 de enero, poco antes de llegar [&hellip;]<\/p>\n","protected":false},"author":1,"featured_media":22252,"comment_status":"open","ping_status":"open","sticky":false,"template":"","format":"standard","meta":{"_jetpack_memberships_contains_paid_content":false,"footnotes":""},"categories":[8],"tags":[],"class_list":["post-22251","post","type-post","status-publish","format-standard","has-post-thumbnail","hentry","category-region"],"jetpack_featured_media_url":"https:\/\/encuentroinformativo.com.mx\/wp-content\/uploads\/2022\/01\/F77A576F-8AD5-457E-9FBE-FAD2F96337B5.jpeg","jetpack_sharing_enabled":true,"jetpack_likes_enabled":true,"amp_enabled":true,"_links":{"self":[{"href":"https:\/\/encuentroinformativo.com.mx\/index.php?rest_route=\/wp\/v2\/posts\/22251","targetHints":{"allow":["GET"]}}],"collection":[{"href":"https:\/\/encuentroinformativo.com.mx\/index.php?rest_route=\/wp\/v2\/posts"}],"about":[{"href":"https:\/\/encuentroinformativo.com.mx\/index.php?rest_route=\/wp\/v2\/types\/post"}],"author":[{"embeddable":true,"href":"https:\/\/encuentroinformativo.com.mx\/index.php?rest_route=\/wp\/v2\/users\/1"}],"replies":[{"embeddable":true,"href":"https:\/\/encuentroinformativo.com.mx\/index.php?rest_route=%2Fwp%2Fv2%2Fcomments&post=22251"}],"version-history":[{"count":1,"href":"https:\/\/encuentroinformativo.com.mx\/index.php?rest_route=\/wp\/v2\/posts\/22251\/revisions"}],"predecessor-version":[{"id":22253,"href":"https:\/\/encuentroinformativo.com.mx\/index.php?rest_route=\/wp\/v2\/posts\/22251\/revisions\/22253"}],"wp:featuredmedia":[{"embeddable":true,"href":"https:\/\/encuentroinformativo.com.mx\/index.php?rest_route=\/wp\/v2\/media\/22252"}],"wp:attachment":[{"href":"https:\/\/encuentroinformativo.com.mx\/index.php?rest_route=%2Fwp%2Fv2%2Fmedia&parent=22251"}],"wp:term":[{"taxonomy":"category","embeddable":true,"href":"https:\/\/encuentroinformativo.com.mx\/index.php?rest_route=%2Fwp%2Fv2%2Fcategories&post=22251"},{"taxonomy":"post_tag","embeddable":true,"href":"https:\/\/encuentroinformativo.com.mx\/index.php?rest_route=%2Fwp%2Fv2%2Ftags&post=22251"}],"curies":[{"name":"wp","href":"https:\/\/api.w.org\/{rel}","templated":true}]}}