{"id":22257,"date":"2022-01-13T17:06:02","date_gmt":"2022-01-13T23:06:02","guid":{"rendered":"https:\/\/encuentroinformativo.com.mx\/?p=22257"},"modified":"2022-01-13T17:06:05","modified_gmt":"2022-01-13T23:06:05","slug":"exhorta-ayuntamiento-a-mantener-medidas-preventivas-ante-covid-19","status":"publish","type":"post","link":"https:\/\/encuentroinformativo.com.mx\/?p=22257","title":{"rendered":"Exhorta Ayuntamiento a mantener medidas preventivas ante Covid-19"},"content":{"rendered":"\n<p><strong>*Este viernes se realizar\u00e1n recorridos de supervisi\u00f3n en establecimientos comerciales p\u00fablicos<\/strong>.<\/p>\n\n\n\n<p>Xalapa, Ver.- Para prevenir la propagaci\u00f3n del Coronavirus SARS-CoV-2, el Ayuntamiento de Xalapa a trav\u00e9s de la Subdirecci\u00f3n de Salud Municipal, exhorta a la poblaci\u00f3n a mantener las medidas preventivas difundidas por las autoridades sanitarias de los gobiernos Estatal y Federal.<\/p>\n\n\n\n<p>La encargada de la Subdirecci\u00f3n de Salud Municipal, Olga Isabel Alarc\u00f3n Ric\u00e1rdez, inform\u00f3 que por instrucciones del alcalde Ricardo Ahued Bardahuil, de manera peri\u00f3dica se desinfectan las \u00e1reas de trabajo en los edificios p\u00fablicos de esta administraci\u00f3n para salvaguardar la salud, tanto del personal como de la poblaci\u00f3n en general.<\/p>\n\n\n\n<p>Explic\u00f3 que adem\u00e1s del uso correcto del cubreboca, tambi\u00e9n es importante su disposici\u00f3n final, por lo que recomend\u00f3 contar con una bolsa o contenedor de acopio en casa, mismo que deber\u00e1 tener una etiqueta o identificaci\u00f3n para protecci\u00f3n de los trabajadores de la Subdirecci\u00f3n de Gesti\u00f3n Integral de Residuos S\u00f3lidos (GIRS).<\/p>\n\n\n\n<p>Agreg\u00f3 que este viernes iniciar\u00e1 un programa de recorridos encabezados por personal del Departamento de Regulaci\u00f3n Sanitaria, el cual visitar\u00e1 establecimientos comerciales, con el fin de invitar a empresarios y clientes a cumplir con las medidas preventivas, tales como la reducci\u00f3n de aforos, el respeto a la sana distancia, el uso de cubreboca, la disponibilidad de gel desinfectante y la toma de temperatura.<\/p>\n\n\n\n<p>De acuerdo con la funcionaria, estos recorridos tambi\u00e9n se implementar\u00e1n en espacios municipales como el mercado Adolfo Ruiz Cortines, \u201cLa Rotonda\u201d, donde se tiene una alta afluencia de personas.<\/p>\n\n\n\n<p>Finalmente, reiter\u00f3 el exhorto a la ciudadan\u00eda a prevenir contagios, no salir de casa si no es necesario, hacer uso correcto del cubreboca, realizar un lavado de manos frecuente y acudir a recibir la vacuna que le corresponda, pues con ellos se evita que, en caso de contagio, los s\u00edntomas sean graves.<\/p>\n","protected":false},"excerpt":{"rendered":"<p>*Este viernes se realizar\u00e1n recorridos de supervisi\u00f3n en establecimientos comerciales p\u00fablicos. Xalapa, Ver.- Para prevenir la propagaci\u00f3n del Coronavirus SARS-CoV-2, el Ayuntamiento de Xalapa a trav\u00e9s de la Subdirecci\u00f3n de Salud Municipal, exhorta a la poblaci\u00f3n a mantener las medidas preventivas difundidas por las autoridades sanitarias de los gobiernos Estatal y Federal. La encargada de [&hellip;]<\/p>\n","protected":false},"author":1,"featured_media":22258,"comment_status":"open","ping_status":"open","sticky":false,"template":"","format":"standard","meta":{"_jetpack_memberships_contains_paid_content":false,"footnotes":""},"categories":[9],"tags":[],"class_list":["post-22257","post","type-post","status-publish","format-standard","has-post-thumbnail","hentry","category-salud"],"jetpack_featured_media_url":"https:\/\/encuentroinformativo.com.mx\/wp-content\/uploads\/2022\/01\/852BC910-F6B1-45EF-ADF2-E3BAF975E892.jpeg","jetpack_sharing_enabled":true,"jetpack_likes_enabled":true,"amp_enabled":true,"_links":{"self":[{"href":"https:\/\/encuentroinformativo.com.mx\/index.php?rest_route=\/wp\/v2\/posts\/22257","targetHints":{"allow":["GET"]}}],"collection":[{"href":"https:\/\/encuentroinformativo.com.mx\/index.php?rest_route=\/wp\/v2\/posts"}],"about":[{"href":"https:\/\/encuentroinformativo.com.mx\/index.php?rest_route=\/wp\/v2\/types\/post"}],"author":[{"embeddable":true,"href":"https:\/\/encuentroinformativo.com.mx\/index.php?rest_route=\/wp\/v2\/users\/1"}],"replies":[{"embeddable":true,"href":"https:\/\/encuentroinformativo.com.mx\/index.php?rest_route=%2Fwp%2Fv2%2Fcomments&post=22257"}],"version-history":[{"count":1,"href":"https:\/\/encuentroinformativo.com.mx\/index.php?rest_route=\/wp\/v2\/posts\/22257\/revisions"}],"predecessor-version":[{"id":22259,"href":"https:\/\/encuentroinformativo.com.mx\/index.php?rest_route=\/wp\/v2\/posts\/22257\/revisions\/22259"}],"wp:featuredmedia":[{"embeddable":true,"href":"https:\/\/encuentroinformativo.com.mx\/index.php?rest_route=\/wp\/v2\/media\/22258"}],"wp:attachment":[{"href":"https:\/\/encuentroinformativo.com.mx\/index.php?rest_route=%2Fwp%2Fv2%2Fmedia&parent=22257"}],"wp:term":[{"taxonomy":"category","embeddable":true,"href":"https:\/\/encuentroinformativo.com.mx\/index.php?rest_route=%2Fwp%2Fv2%2Fcategories&post=22257"},{"taxonomy":"post_tag","embeddable":true,"href":"https:\/\/encuentroinformativo.com.mx\/index.php?rest_route=%2Fwp%2Fv2%2Ftags&post=22257"}],"curies":[{"name":"wp","href":"https:\/\/api.w.org\/{rel}","templated":true}]}}