{"id":22262,"date":"2022-01-14T09:24:13","date_gmt":"2022-01-14T15:24:13","guid":{"rendered":"https:\/\/encuentroinformativo.com.mx\/?p=22262"},"modified":"2022-01-14T09:24:18","modified_gmt":"2022-01-14T15:24:18","slug":"rindio-protesta-nueva-directiva-de-la-asociacion-pediatrica-del-puerto-de-veracruz","status":"publish","type":"post","link":"https:\/\/encuentroinformativo.com.mx\/?p=22262","title":{"rendered":"Rindi\u00f3 protesta nueva directiva de la Asociaci\u00f3n Pedi\u00e1trica del Puerto de Veracruz"},"content":{"rendered":"\n<p><strong>Alejandro \u00c1vila<\/strong><\/p>\n\n\n\n<p>Veracruz, Ver.- Este jueves tom\u00f3 protesta la nueva directiva de la Asociaci\u00f3n Pedi\u00e1traica del Puerto de Veracruz, misma que tendr\u00e1 como objetivo principal en este 2022, realizar campa\u00f1as sociales en localidades y colonias de bajos recursos, para apoyar a las familias m\u00e1s vulnerables.<\/p>\n\n\n\n<p>Luis Alfredo Dominguez Sansores, fue nombrado presidente de la Asociaci\u00f3n; Guillermina D\u00edaz Caldelas, Vicepresidenta; Zahira Tal\u00eda Encina Barajas, Tesorera; y Oscar Ruvalcava, secretario.<\/p>\n\n\n\n<p>Luis Alfredo Dom\u00ednguez Sandores reconoci\u00f3 ser\u00e1 un importante reto durante los dos a\u00f1os de su gesti\u00f3n y apunt\u00f3 buscar\u00e1 aumentar los proyectos de investigaci\u00f3n pediatrica, y regresar las jornadas sociales en colonias y localidades marginadas, mismas que se eliminaron por la pandemia de COVID-19.<\/p>\n\n\n\n<p>&#8220;A las cosas que queremos darle mucho peso es a la actividad social, enfocada esto en la atenci\u00f3n o tratar de hacer llegar la atenci\u00f3n m\u00e9dica a los grupos m\u00e1s desprotegidos, es decir a colonias marginadas, en donde de repente podemos hacer jornadas m\u00e9dicas y podemos ir un grupo de pediatras a hacer valoraciones gratuitas totalmente, apoyados por la industria farmaceutica para tambi\u00e9n as\u00ed mismo favorecer el llegarle de forma gratuita algunos de los medicamentos que se puedan requerir&#8221;, destac\u00f3.<\/p>\n\n\n\n<p>En ese sentido, el tambi\u00e9n alergologo, reconoci\u00f3 que en la zona conurbada muchos ni\u00f1os necesitan tratamiento especializado y sus familias no pueden costear las consultas, motivo por el cual expandir\u00e1n su proyecto de jornadas de atenci\u00f3n social.<\/p>\n\n\n\n<p>&#8220;Incluso ahorita, considerando el tema de la pandemia es cuando m\u00e1s hay necesidad de una atenci\u00f3n para los ni\u00f1os, ahorita la nueva cepa de COVID, Omicron, est\u00e1 pegando muchisimo en la poblaci\u00f3n infantil. Entonces es donde considero s\u00ed es importante no descuidar en esa parte&#8221;, agreg\u00f3.<\/p>\n\n\n\n<p>Finalmente, destac\u00f3 que en a\u00f1os anteriores se lograron jornadas m\u00e9dicas en colonias como, Pocitos y Rivera, o las Reservas Tarimoya, donde las familias se han logrado ahorrar cerca de 2 mil pesos por ni\u00f1o, entre consulta especializada y recetas.<\/p>\n","protected":false},"excerpt":{"rendered":"<p>Alejandro \u00c1vila Veracruz, Ver.- Este jueves tom\u00f3 protesta la nueva directiva de la Asociaci\u00f3n Pedi\u00e1traica del Puerto de Veracruz, misma que tendr\u00e1 como objetivo principal en este 2022, realizar campa\u00f1as sociales en localidades y colonias de bajos recursos, para apoyar a las familias m\u00e1s vulnerables. Luis Alfredo Dominguez Sansores, fue nombrado presidente de la Asociaci\u00f3n; [&hellip;]<\/p>\n","protected":false},"author":1,"featured_media":22263,"comment_status":"open","ping_status":"open","sticky":false,"template":"","format":"standard","meta":{"_jetpack_memberships_contains_paid_content":false,"footnotes":""},"categories":[2],"tags":[],"class_list":["post-22262","post","type-post","status-publish","format-standard","has-post-thumbnail","hentry","category-estado"],"jetpack_featured_media_url":"https:\/\/encuentroinformativo.com.mx\/wp-content\/uploads\/2022\/01\/523C1A97-D103-4DD0-80A4-6D411925E303.jpeg","jetpack_sharing_enabled":true,"jetpack_likes_enabled":true,"amp_enabled":true,"_links":{"self":[{"href":"https:\/\/encuentroinformativo.com.mx\/index.php?rest_route=\/wp\/v2\/posts\/22262","targetHints":{"allow":["GET"]}}],"collection":[{"href":"https:\/\/encuentroinformativo.com.mx\/index.php?rest_route=\/wp\/v2\/posts"}],"about":[{"href":"https:\/\/encuentroinformativo.com.mx\/index.php?rest_route=\/wp\/v2\/types\/post"}],"author":[{"embeddable":true,"href":"https:\/\/encuentroinformativo.com.mx\/index.php?rest_route=\/wp\/v2\/users\/1"}],"replies":[{"embeddable":true,"href":"https:\/\/encuentroinformativo.com.mx\/index.php?rest_route=%2Fwp%2Fv2%2Fcomments&post=22262"}],"version-history":[{"count":1,"href":"https:\/\/encuentroinformativo.com.mx\/index.php?rest_route=\/wp\/v2\/posts\/22262\/revisions"}],"predecessor-version":[{"id":22264,"href":"https:\/\/encuentroinformativo.com.mx\/index.php?rest_route=\/wp\/v2\/posts\/22262\/revisions\/22264"}],"wp:featuredmedia":[{"embeddable":true,"href":"https:\/\/encuentroinformativo.com.mx\/index.php?rest_route=\/wp\/v2\/media\/22263"}],"wp:attachment":[{"href":"https:\/\/encuentroinformativo.com.mx\/index.php?rest_route=%2Fwp%2Fv2%2Fmedia&parent=22262"}],"wp:term":[{"taxonomy":"category","embeddable":true,"href":"https:\/\/encuentroinformativo.com.mx\/index.php?rest_route=%2Fwp%2Fv2%2Fcategories&post=22262"},{"taxonomy":"post_tag","embeddable":true,"href":"https:\/\/encuentroinformativo.com.mx\/index.php?rest_route=%2Fwp%2Fv2%2Ftags&post=22262"}],"curies":[{"name":"wp","href":"https:\/\/api.w.org\/{rel}","templated":true}]}}