{"id":22273,"date":"2022-01-14T13:13:53","date_gmt":"2022-01-14T19:13:53","guid":{"rendered":"https:\/\/encuentroinformativo.com.mx\/?p=22273"},"modified":"2022-01-14T13:13:57","modified_gmt":"2022-01-14T19:13:57","slug":"mantienen-medidas-sanitarias-en-iglesias","status":"publish","type":"post","link":"https:\/\/encuentroinformativo.com.mx\/?p=22273","title":{"rendered":"Mantienen medidas sanitarias en iglesias"},"content":{"rendered":"\n<p><strong>Juan Arcos<\/strong><\/p>\n\n\n\n<p>Xalapa, Ver.- Las celebraciones eucar\u00edsticas continuar\u00e1n de manera presencial en la Arquidi\u00f3cesis de Xalapa, con la aplicaci\u00f3n de protocolos sanitarios para evitar contagios de Sars-Cov2 (Covid-19).<\/p>\n\n\n\n<p>As\u00ed lo dio a conocer el vocero de la Arquidi\u00f3cesis de Xalapa, Jos\u00e9 Manuel Suazo Reyes, quien adem\u00e1s record\u00f3 que la actividades pastorales se llevan a cabo de forma virtual.<\/p>\n\n\n\n<p>\u201cNo hay concentraciones pastorales de retiros o catecismo infantil presencial, muchas actividades se est\u00e1n haciendo en forma virtual, no es presencial\u201d, insisti\u00f3.<\/p>\n\n\n\n<p>El Presb\u00edtero refiri\u00f3 que en todas las parroquias se ha procurado la sana distancia, que se use cubrebocas y gel antibacterial. Adem\u00e1s, de que est\u00e1 prohibido el saludo de mano y la hostia se entrega en la mano y no en la boca.<\/p>\n\n\n\n<p>\u201cEl tema de C\u00e1ritas Parroquial se ha mantenido abierto, lo mismo que las oficinas parroquiales para seguir atendiendo a los feligreses. Las misas seguir\u00e1n siendo presenciales con un n\u00famero controlado de feligreses para no abarrotar los templos\u201d, a\u00f1adi\u00f3.<\/p>\n\n\n\n<p>En ese sentido, Suazo Reyes enfatiz\u00f3 que no ha habido fiestas patronales o eventos donde se concentre exponencialmente a las personas.<\/p>\n\n\n\n<p>\u201cSe ha procurado ser cuidadosos con la salud de todas las personas. Estamos alertas en caso de que reputen los contagios (de coronavirus)\u201d.<\/p>\n\n\n\n<p>El vocero de la Arquidi\u00f3cesis de Xalapa asever\u00f3 que, en caso de que incrementen considerablemente los contagios, ser\u00e1n acatadas las recomendaciones que emitan las autoridades sanitarias.<\/p>\n\n\n\n<p>Cabe recordar que la Arquidi\u00f3cesis de Xalapa cuenta con 92 parroquias distribuidas en 37 municipios del estado de Veracruz.<\/p>\n\n\n\n<p>La capital del estado se encuentra en sem\u00e1foro epidemiol\u00f3gico color amarillo, de riesgo medio de contagio por Covid-19.<br>Suazo Reyes record\u00f3 que el Monse\u00f1or Jos\u00e9 Trinidad Zapata Ortiz, encargado de la Di\u00f3cesis de Papantla, emiti\u00f3 una circular en sus redes sociales para \u201cextremar\u201d las medidas sanitarias en las iglesias de los municipios de la zona norte del estado.<\/p>\n","protected":false},"excerpt":{"rendered":"<p>Juan Arcos Xalapa, Ver.- Las celebraciones eucar\u00edsticas continuar\u00e1n de manera presencial en la Arquidi\u00f3cesis de Xalapa, con la aplicaci\u00f3n de protocolos sanitarios para evitar contagios de Sars-Cov2 (Covid-19). As\u00ed lo dio a conocer el vocero de la Arquidi\u00f3cesis de Xalapa, Jos\u00e9 Manuel Suazo Reyes, quien adem\u00e1s record\u00f3 que la actividades pastorales se llevan a cabo [&hellip;]<\/p>\n","protected":false},"author":1,"featured_media":22274,"comment_status":"open","ping_status":"open","sticky":false,"template":"","format":"standard","meta":{"_jetpack_memberships_contains_paid_content":false,"footnotes":""},"categories":[3],"tags":[],"class_list":["post-22273","post","type-post","status-publish","format-standard","has-post-thumbnail","hentry","category-xalapa"],"jetpack_featured_media_url":"https:\/\/encuentroinformativo.com.mx\/wp-content\/uploads\/2022\/01\/119D8010-5893-491F-B0A0-852867935401.jpeg","jetpack_sharing_enabled":true,"jetpack_likes_enabled":true,"amp_enabled":true,"_links":{"self":[{"href":"https:\/\/encuentroinformativo.com.mx\/index.php?rest_route=\/wp\/v2\/posts\/22273","targetHints":{"allow":["GET"]}}],"collection":[{"href":"https:\/\/encuentroinformativo.com.mx\/index.php?rest_route=\/wp\/v2\/posts"}],"about":[{"href":"https:\/\/encuentroinformativo.com.mx\/index.php?rest_route=\/wp\/v2\/types\/post"}],"author":[{"embeddable":true,"href":"https:\/\/encuentroinformativo.com.mx\/index.php?rest_route=\/wp\/v2\/users\/1"}],"replies":[{"embeddable":true,"href":"https:\/\/encuentroinformativo.com.mx\/index.php?rest_route=%2Fwp%2Fv2%2Fcomments&post=22273"}],"version-history":[{"count":1,"href":"https:\/\/encuentroinformativo.com.mx\/index.php?rest_route=\/wp\/v2\/posts\/22273\/revisions"}],"predecessor-version":[{"id":22275,"href":"https:\/\/encuentroinformativo.com.mx\/index.php?rest_route=\/wp\/v2\/posts\/22273\/revisions\/22275"}],"wp:featuredmedia":[{"embeddable":true,"href":"https:\/\/encuentroinformativo.com.mx\/index.php?rest_route=\/wp\/v2\/media\/22274"}],"wp:attachment":[{"href":"https:\/\/encuentroinformativo.com.mx\/index.php?rest_route=%2Fwp%2Fv2%2Fmedia&parent=22273"}],"wp:term":[{"taxonomy":"category","embeddable":true,"href":"https:\/\/encuentroinformativo.com.mx\/index.php?rest_route=%2Fwp%2Fv2%2Fcategories&post=22273"},{"taxonomy":"post_tag","embeddable":true,"href":"https:\/\/encuentroinformativo.com.mx\/index.php?rest_route=%2Fwp%2Fv2%2Ftags&post=22273"}],"curies":[{"name":"wp","href":"https:\/\/api.w.org\/{rel}","templated":true}]}}