{"id":22277,"date":"2022-01-14T13:55:33","date_gmt":"2022-01-14T19:55:33","guid":{"rendered":"https:\/\/encuentroinformativo.com.mx\/?p=22277"},"modified":"2022-01-14T13:55:37","modified_gmt":"2022-01-14T19:55:37","slug":"defiende-diputada-respuesta-de-gobernador-ante-recomendacion-de-cndh","status":"publish","type":"post","link":"https:\/\/encuentroinformativo.com.mx\/?p=22277","title":{"rendered":"Defiende diputada respuesta de gobernador ante recomendaci\u00f3n de CNDH"},"content":{"rendered":"\n<p><strong>Dar\u00edo Pale <\/strong><\/p>\n\n\n\n<p>Xalapa, Ver.- El gobernador del estado Cuitlahuac Garc\u00eda como pocos o ninguno hab\u00eda atendido de manera tan expedita una recomendaci\u00f3n de la Comisi\u00f3n Nacional de Derechos Humanos as\u00ed lo se\u00f1al\u00f3 la diputada federal de Morena, Ivonne Cisneros Luj\u00e1n.<\/p>\n\n\n\n<p>En conferencia de prensa realizada en conocido caf\u00e9 del centro de Xalapa, dio a conocer que, el mandatario no le dio vueltas al asunto y tom\u00f3 el problema de manera frontal, &#8220;lo est\u00e1 analizando y eso me parece que da cuenta de la calidad humana del gobernador que tenemos&#8221;.<\/p>\n\n\n\n<p>Aunque consider\u00f3 que deber\u00e1n ser las propias autoridades correspondientes las que determinar\u00e1n las responsabilidades por la detenci\u00f3n ilegal de los j\u00f3venes detenidos en el mes de septiembre.<\/p>\n\n\n\n<p>\u201cYa es un tema del Poder Judicial y creo que todos estamos siguiendo la situaci\u00f3n para que todo esto se erradique si es que existe y si no, se pueda informar de manera muy clara&#8221;, se\u00f1al\u00f3.<\/p>\n\n\n\n<p>En otro orden de ideas, inform\u00f3 que este s\u00e1bado se llevar\u00e1 a cabo una asamblea informativa con motivo de la reforma el\u00e9ctrica.<\/p>\n\n\n\n<p>Se\u00f1al\u00f3 que con la propuesta se espera revertir la reforma del 2013 en la que se dio una apertura amplia para que las empresas privadas participaran en diversos procesos del ciclo de distribuci\u00f3n y producci\u00f3n de la energ\u00eda el\u00e9ctrica.<\/p>\n\n\n\n<p>Opin\u00f3 que una de las consecuencias de dicha reforma fue el incremento de las tarifas y &#8220;queremos parar eso&#8221;.<\/p>\n\n\n\n<p>&#8220;Porque no tenemos para cu\u00e1ndo est\u00e1 escalada de incremento al costo de la electricidad para el ciudadano&#8221;, coment\u00f3.<\/p>\n\n\n\n<p>Expuso que en dicha asamblea que se llevar\u00e1 a cabo, expertos dialogar\u00e1n con los ciudadanos sobre la reforma presentada por el Presidente a la C\u00e1mara de Diputados el pasado 30 de septiembre.<\/p>\n\n\n\n<p>Opin\u00f3 que dicho tema es tan relevante que no puede ser que solamente se discuta en sesiones de la C\u00e1mara, ya que ata\u00f1e a todos los ciudadanos, por lo que habr\u00e1 19 foros, a partir del pr\u00f3ximo lunes y que se transmitir\u00e1n por las redes y canales del Congreso federal.<\/p>\n\n\n\n<p>Finalmente se\u00f1al\u00f3 que con la Reforma se garantiza que M\u00e9xico expl\u00edcitamente se comprometa a trav\u00e9s de nuestra Carta Magna a una transici\u00f3n energ\u00e9tica sustentable al establecer que el Estado queda a cargo de la Transici\u00f3n Energ\u00e9tica y utilizar\u00e1 de manera sustentable todas las fuentes de energ\u00eda de las que dispone la Naci\u00f3n, con el fin de reducir las emisiones de gases y componentes de efecto invernadero para los que establecer\u00e1 las pol\u00edticas cient\u00edficas, tecnol\u00f3gicas yo e industriales necesarias para esta transici\u00f3n, impulsadas por el financiamiento y demanda nacional como palancas de desarrollo.<\/p>\n","protected":false},"excerpt":{"rendered":"<p>Dar\u00edo Pale Xalapa, Ver.- El gobernador del estado Cuitlahuac Garc\u00eda como pocos o ninguno hab\u00eda atendido de manera tan expedita una recomendaci\u00f3n de la Comisi\u00f3n Nacional de Derechos Humanos as\u00ed lo se\u00f1al\u00f3 la diputada federal de Morena, Ivonne Cisneros Luj\u00e1n. En conferencia de prensa realizada en conocido caf\u00e9 del centro de Xalapa, dio a conocer [&hellip;]<\/p>\n","protected":false},"author":1,"featured_media":22278,"comment_status":"open","ping_status":"open","sticky":false,"template":"","format":"standard","meta":{"_jetpack_memberships_contains_paid_content":false,"footnotes":""},"categories":[2],"tags":[],"class_list":["post-22277","post","type-post","status-publish","format-standard","has-post-thumbnail","hentry","category-estado"],"jetpack_featured_media_url":"https:\/\/encuentroinformativo.com.mx\/wp-content\/uploads\/2022\/01\/A3A94DA4-6F65-40D5-9C1D-232A681B35AA-scaled.jpeg","jetpack_sharing_enabled":true,"jetpack_likes_enabled":true,"amp_enabled":true,"_links":{"self":[{"href":"https:\/\/encuentroinformativo.com.mx\/index.php?rest_route=\/wp\/v2\/posts\/22277","targetHints":{"allow":["GET"]}}],"collection":[{"href":"https:\/\/encuentroinformativo.com.mx\/index.php?rest_route=\/wp\/v2\/posts"}],"about":[{"href":"https:\/\/encuentroinformativo.com.mx\/index.php?rest_route=\/wp\/v2\/types\/post"}],"author":[{"embeddable":true,"href":"https:\/\/encuentroinformativo.com.mx\/index.php?rest_route=\/wp\/v2\/users\/1"}],"replies":[{"embeddable":true,"href":"https:\/\/encuentroinformativo.com.mx\/index.php?rest_route=%2Fwp%2Fv2%2Fcomments&post=22277"}],"version-history":[{"count":1,"href":"https:\/\/encuentroinformativo.com.mx\/index.php?rest_route=\/wp\/v2\/posts\/22277\/revisions"}],"predecessor-version":[{"id":22279,"href":"https:\/\/encuentroinformativo.com.mx\/index.php?rest_route=\/wp\/v2\/posts\/22277\/revisions\/22279"}],"wp:featuredmedia":[{"embeddable":true,"href":"https:\/\/encuentroinformativo.com.mx\/index.php?rest_route=\/wp\/v2\/media\/22278"}],"wp:attachment":[{"href":"https:\/\/encuentroinformativo.com.mx\/index.php?rest_route=%2Fwp%2Fv2%2Fmedia&parent=22277"}],"wp:term":[{"taxonomy":"category","embeddable":true,"href":"https:\/\/encuentroinformativo.com.mx\/index.php?rest_route=%2Fwp%2Fv2%2Fcategories&post=22277"},{"taxonomy":"post_tag","embeddable":true,"href":"https:\/\/encuentroinformativo.com.mx\/index.php?rest_route=%2Fwp%2Fv2%2Ftags&post=22277"}],"curies":[{"name":"wp","href":"https:\/\/api.w.org\/{rel}","templated":true}]}}