{"id":22289,"date":"2022-01-14T15:56:30","date_gmt":"2022-01-14T21:56:30","guid":{"rendered":"https:\/\/encuentroinformativo.com.mx\/?p=22289"},"modified":"2022-01-14T15:56:34","modified_gmt":"2022-01-14T21:56:34","slug":"obtiene-ayuntamiento-recursos-para-rehabilitacion-de-red-hidraulica","status":"publish","type":"post","link":"https:\/\/encuentroinformativo.com.mx\/?p=22289","title":{"rendered":"Obtiene Ayuntamiento recursos para rehabilitaci\u00f3n de red hidr\u00e1ulica"},"content":{"rendered":"\n<p><strong>Alejandro \u00c1vila<\/strong><\/p>\n\n\n\n<p>Veracruz, Ver.- El Ayuntamiento de Veracruz aport\u00f3 7 millones de pesos para la rehabilitaci\u00f3n de la tercera y \u00faltima parte de la red hidr\u00e1ulica en la Unidad Habitacional Chiver\u00eda y la colonia Ampliaci\u00f3n Ni\u00f1os H\u00e9roes.<\/p>\n\n\n\n<p>El resto de los 14 millones que en total se van a ejercer, fueron obtenidos mediante el Programa de Devoluci\u00f3n de Derechos (PRODDER) de la Comisi\u00f3n Nacional de Agua (CONAGUA), inform\u00f3 la directora general del Instituto Metropolitano del Agua (IMA), Monica Elizabeth Villa Corrales.<\/p>\n\n\n\n<p>&#8220;La tuber\u00eda a instalar, es una tuber\u00eda de polietileno completamente atoxica y certificada bajo la norma 001-Conagua-2011, el plazo de ejecuci\u00f3n de los trabajos ser\u00e1 de casi tres meses. La fuente de financiamiento ser\u00e1 con recursos del programa de devoluci\u00f3n de derechos PRODDER y que para tener acceso a estos recursos, se requiere una contraparte de recursos propios, por un monto igual a la aportaci\u00f3n federal&#8221;, explic\u00f3 la directora del IMA.<\/p>\n\n\n\n<p>Es de mencionar que el Ayuntamiento de Veracruz liquid\u00f3 todos los adeudos que se ten\u00edan con CONAGUA, durante la pasada administraci\u00f3n de Fernando Yunes M\u00e1rquez, motivo por el cual ya pueden acceder a diversos recursos y\/o beneficios que otorga la dependencia federal.<\/p>\n\n\n\n<p>El PRODDER se obtiene de los ingresos federales que obtiene la Comisi\u00f3n Nacional del Agua (CONAGUA), por la recaudaci\u00f3n de los derechos por explotaci\u00f3n, uso o aprovechamiento de aguas nacionales, que se suministre a las empresas p\u00fablicas y privadas a que se refiere la fracci\u00f3n I, apartado B de la Ley Federal de Derechos (LFD).<\/p>\n\n\n\n<p>Para esta obra anunciada este jueves por la alcaldesa Patricia Lobeira Rodr\u00edguez, se lograr\u00e1 beneficiar a los vecinos de las calles Agustin Ya\u00f1ez, Los Cocos, Ni\u00f1os Heroes y Andador Escutia; aunque en total se cubrir\u00e1 una superficie beneficiaria de 37 hect\u00e1reas.<\/p>\n","protected":false},"excerpt":{"rendered":"<p>Alejandro \u00c1vila Veracruz, Ver.- El Ayuntamiento de Veracruz aport\u00f3 7 millones de pesos para la rehabilitaci\u00f3n de la tercera y \u00faltima parte de la red hidr\u00e1ulica en la Unidad Habitacional Chiver\u00eda y la colonia Ampliaci\u00f3n Ni\u00f1os H\u00e9roes. El resto de los 14 millones que en total se van a ejercer, fueron obtenidos mediante el Programa [&hellip;]<\/p>\n","protected":false},"author":1,"featured_media":22290,"comment_status":"open","ping_status":"open","sticky":false,"template":"","format":"standard","meta":{"_jetpack_memberships_contains_paid_content":false,"footnotes":""},"categories":[2],"tags":[],"class_list":["post-22289","post","type-post","status-publish","format-standard","has-post-thumbnail","hentry","category-estado"],"jetpack_featured_media_url":"https:\/\/encuentroinformativo.com.mx\/wp-content\/uploads\/2022\/01\/88C0654B-7975-40EB-94ED-AF4E988410C1.jpeg","jetpack_sharing_enabled":true,"jetpack_likes_enabled":true,"amp_enabled":true,"_links":{"self":[{"href":"https:\/\/encuentroinformativo.com.mx\/index.php?rest_route=\/wp\/v2\/posts\/22289","targetHints":{"allow":["GET"]}}],"collection":[{"href":"https:\/\/encuentroinformativo.com.mx\/index.php?rest_route=\/wp\/v2\/posts"}],"about":[{"href":"https:\/\/encuentroinformativo.com.mx\/index.php?rest_route=\/wp\/v2\/types\/post"}],"author":[{"embeddable":true,"href":"https:\/\/encuentroinformativo.com.mx\/index.php?rest_route=\/wp\/v2\/users\/1"}],"replies":[{"embeddable":true,"href":"https:\/\/encuentroinformativo.com.mx\/index.php?rest_route=%2Fwp%2Fv2%2Fcomments&post=22289"}],"version-history":[{"count":1,"href":"https:\/\/encuentroinformativo.com.mx\/index.php?rest_route=\/wp\/v2\/posts\/22289\/revisions"}],"predecessor-version":[{"id":22291,"href":"https:\/\/encuentroinformativo.com.mx\/index.php?rest_route=\/wp\/v2\/posts\/22289\/revisions\/22291"}],"wp:featuredmedia":[{"embeddable":true,"href":"https:\/\/encuentroinformativo.com.mx\/index.php?rest_route=\/wp\/v2\/media\/22290"}],"wp:attachment":[{"href":"https:\/\/encuentroinformativo.com.mx\/index.php?rest_route=%2Fwp%2Fv2%2Fmedia&parent=22289"}],"wp:term":[{"taxonomy":"category","embeddable":true,"href":"https:\/\/encuentroinformativo.com.mx\/index.php?rest_route=%2Fwp%2Fv2%2Fcategories&post=22289"},{"taxonomy":"post_tag","embeddable":true,"href":"https:\/\/encuentroinformativo.com.mx\/index.php?rest_route=%2Fwp%2Fv2%2Ftags&post=22289"}],"curies":[{"name":"wp","href":"https:\/\/api.w.org\/{rel}","templated":true}]}}