{"id":2229,"date":"2020-04-30T17:07:51","date_gmt":"2020-04-30T22:07:51","guid":{"rendered":"https:\/\/encuentroinformativo.com\/?p=2229"},"modified":"2020-04-30T17:07:53","modified_gmt":"2020-04-30T22:07:53","slug":"retiran-peces-muertos-de-los-lagos","status":"publish","type":"post","link":"https:\/\/encuentroinformativo.com.mx\/?p=2229","title":{"rendered":"Retiran peces muertos de Los Lagos"},"content":{"rendered":"\n<p><strong>Juan Arcos <\/strong><\/p>\n\n\n\n<p>Xalapa, Ver.- Los peces muertos encontrados en el Paseo de los Lagos fueron retirados en el transcurso de mi\u00e9rcoles para jueves de esta semana.<\/p>\n\n\n\n<p>Medios de comunicaci\u00f3n locales exhibieron fotograf\u00edas de los animales que flotaban en el primer lago, muy cerca de la avenida de los Altletas y de la Casa del Lago de la Universidad Veracruzana (UV).<\/p>\n\n\n\n<p>Constantino Villa Rivas, jefe de manzana de la zona, hab\u00eda responsabilizado al Ayuntamiento de Xalapa por la mortandad de peces.\u00a0<\/p>\n\n\n\n<p>Sin embargo, al d\u00eda siguiente, los animales, en estado de descomposici\u00f3n, ya no se encontraban en el lugar.<\/p>\n\n\n\n<p>Durante un recorrido en la zona se constat\u00f3 que el olor f\u00e9tido hab\u00eda disminuido.<\/p>\n\n\n\n<p>Los vecinos del barrio de El Dique hab\u00edan comentado que los peces murieron despu\u00e9s que fuera arrojado un l\u00edquido al agua para intentar sanearla.<\/p>\n\n\n\n<p>Cabe mencionar que el pasado 16 de marzo, el Ayuntamiento de Xalapa hizo p\u00fablico, en su cuenta oficial de Facebook, el inicio del saneamiento del Paseo de los Lagos, donde informa que mediante la inversi\u00f3n de 6 millones de pesos se devolver\u00eda la belleza esc\u00e9nica del lugar.<\/p>\n\n\n\n<p>Incluso, en la publicaci\u00f3n, se observan fotograf\u00edas del momento en que fue vertido el l\u00edquido al primer lago.<\/p>\n\n\n\n<p>\u201cMediante la aplicaci\u00f3n de microorganismos para mejorar la calidad del agua, eliminar olores y controlar pat\u00f3genos\u201d, se lee.<\/p>\n\n\n\n<p>Se trat\u00f3 de una intervenci\u00f3n para la liberaci\u00f3n de microorganismos como levaduras, acidol\u00e1cticas y fotosint\u00e9ticas con la intensi\u00f3n de acelerar los procesos de degradaci\u00f3n de materia org\u00e1nica, controlar microorganismos pat\u00f3genos y promover la biodiversidad en el ecosistema.<\/p>\n\n\n\n<p>Dicho proyecto es ejecutado por la Procuradur\u00eda Estatal del Medio Ambiente (PMA), en coordinaci\u00f3n con el Ayuntamiento de Xalapa, la sociedad civil organizada y la academia, donde la Universidad Veracruzana participa con labores de an\u00e1lisis y monitoreo a la par del Instituto de Ecolog\u00eda (Inecol).<\/p>\n\n\n\n<p><\/p>\n\n\n\n<p>Foto: Redes Sociales <\/p>\n","protected":false},"excerpt":{"rendered":"<p>Juan Arcos Xalapa, Ver.- Los peces muertos encontrados en el Paseo de los Lagos fueron retirados en el transcurso de mi\u00e9rcoles para jueves de esta semana. Medios de comunicaci\u00f3n locales exhibieron fotograf\u00edas de los animales que flotaban en el primer lago, muy cerca de la avenida de los Altletas y de la Casa del Lago [&hellip;]<\/p>\n","protected":false},"author":1,"featured_media":2230,"comment_status":"open","ping_status":"open","sticky":false,"template":"","format":"standard","meta":{"_jetpack_memberships_contains_paid_content":false,"footnotes":""},"categories":[3],"tags":[],"class_list":["post-2229","post","type-post","status-publish","format-standard","has-post-thumbnail","hentry","category-xalapa"],"jetpack_featured_media_url":"https:\/\/encuentroinformativo.com.mx\/wp-content\/uploads\/2020\/04\/7295D07D-A210-43D8-B908-2F91FF4A821D.jpeg","jetpack_sharing_enabled":true,"jetpack_likes_enabled":true,"amp_enabled":true,"_links":{"self":[{"href":"https:\/\/encuentroinformativo.com.mx\/index.php?rest_route=\/wp\/v2\/posts\/2229","targetHints":{"allow":["GET"]}}],"collection":[{"href":"https:\/\/encuentroinformativo.com.mx\/index.php?rest_route=\/wp\/v2\/posts"}],"about":[{"href":"https:\/\/encuentroinformativo.com.mx\/index.php?rest_route=\/wp\/v2\/types\/post"}],"author":[{"embeddable":true,"href":"https:\/\/encuentroinformativo.com.mx\/index.php?rest_route=\/wp\/v2\/users\/1"}],"replies":[{"embeddable":true,"href":"https:\/\/encuentroinformativo.com.mx\/index.php?rest_route=%2Fwp%2Fv2%2Fcomments&post=2229"}],"version-history":[{"count":1,"href":"https:\/\/encuentroinformativo.com.mx\/index.php?rest_route=\/wp\/v2\/posts\/2229\/revisions"}],"predecessor-version":[{"id":2231,"href":"https:\/\/encuentroinformativo.com.mx\/index.php?rest_route=\/wp\/v2\/posts\/2229\/revisions\/2231"}],"wp:featuredmedia":[{"embeddable":true,"href":"https:\/\/encuentroinformativo.com.mx\/index.php?rest_route=\/wp\/v2\/media\/2230"}],"wp:attachment":[{"href":"https:\/\/encuentroinformativo.com.mx\/index.php?rest_route=%2Fwp%2Fv2%2Fmedia&parent=2229"}],"wp:term":[{"taxonomy":"category","embeddable":true,"href":"https:\/\/encuentroinformativo.com.mx\/index.php?rest_route=%2Fwp%2Fv2%2Fcategories&post=2229"},{"taxonomy":"post_tag","embeddable":true,"href":"https:\/\/encuentroinformativo.com.mx\/index.php?rest_route=%2Fwp%2Fv2%2Ftags&post=2229"}],"curies":[{"name":"wp","href":"https:\/\/api.w.org\/{rel}","templated":true}]}}