{"id":22295,"date":"2022-01-14T16:54:10","date_gmt":"2022-01-14T22:54:10","guid":{"rendered":"https:\/\/encuentroinformativo.com.mx\/?p=22295"},"modified":"2022-01-14T16:54:14","modified_gmt":"2022-01-14T22:54:14","slug":"en-medio-de-cuarta-ola-invitan-a-fiestas-de-cosautlan","status":"publish","type":"post","link":"https:\/\/encuentroinformativo.com.mx\/?p=22295","title":{"rendered":"En medio de cuarta ola, invitan a fiestas de Cosautl\u00e1n"},"content":{"rendered":"\n<p><strong>Dar\u00edo Pale <\/strong><\/p>\n\n\n\n<p>Xalapa, Ver.- El presidente municipal de Cosautl\u00e1n de Carvajal, Jos\u00e9 Antonio Valdivia Huerta invito a la ciudadan\u00eda para que asista a las fiestas patronales de La Candelaria del uno al 6 de febrero, adem\u00e1s se\u00f1al\u00f3 que hasta el momento durante la entrega recepci\u00f3n tienen tres laudos pendientes con cerca de tres millones de pesos.<\/p>\n\n\n\n<p>En conferencia de prensa realizada en conocido caf\u00e9 del centro de Xalapa, se\u00f1al\u00f3 que durante las fiestas se presentar\u00e1n varios grupos musicales, esto con la finalidad de reactivar la econom\u00eda, adem\u00e1s de que har\u00e1n una &#8220;cafetada&#8221; para darles degustaci\u00f3n a todos los turistas el d\u00eda 2 de febrero, donde esperan una derrama econ\u00f3mica de 5 a 6 millones de pesos.<\/p>\n\n\n\n<p>El d\u00eda primero de febrero colocar\u00e1n un pabell\u00f3n artesanal, adem\u00e1s de una feria del mole donde se dar\u00e1 a conocer el &#8220;Mole Cosauteco&#8221;, por lo que convocar\u00e1n a todas las se\u00f1oras de sus comunidades para que est\u00e9n presentes, tambi\u00e9n se realizar\u00e1n eventos deportivos, la inauguraci\u00f3n ser\u00e1 el d\u00eda primero a las 19:00 horas.<\/p>\n\n\n\n<p>Dio a conocer que son aproximadamente 42 expositores los que estar\u00e1n presentes durante la feria, donde llevaron desee artesan\u00edas hasta los procesos del caf\u00e9, y estar\u00e1n tomando todas las medidas preventivas sanitarias al igual que contar\u00e1n con seguridad p\u00fablica estatal y municipal.<\/p>\n\n\n\n<p>En otro orden de ideas en lo que se refiere a la entrega-recepci\u00f3n se\u00f1al\u00f3 que contin\u00faan con la revisi\u00f3n de lo que es la entrega recepci\u00f3n, recibieron el palacio municipal de manera normal con muchas dificultades pero poco a poco las van a ir resolviendo.<\/p>\n\n\n\n<p>Finalmente dio a conocer que la pasada administraci\u00f3n les dejo tres laudos, uno es de 2.4 millones de pesos para los sindicalizados pero ya llegaron a un acuerdo y se van a reinstalar, los otros dos los est\u00e1 revisado el jur\u00eddico del ayuntamiento pero aproximadamente entre los tres suman cerca de 3 millones de pesos.<\/p>\n","protected":false},"excerpt":{"rendered":"<p>Dar\u00edo Pale Xalapa, Ver.- El presidente municipal de Cosautl\u00e1n de Carvajal, Jos\u00e9 Antonio Valdivia Huerta invito a la ciudadan\u00eda para que asista a las fiestas patronales de La Candelaria del uno al 6 de febrero, adem\u00e1s se\u00f1al\u00f3 que hasta el momento durante la entrega recepci\u00f3n tienen tres laudos pendientes con cerca de tres millones de [&hellip;]<\/p>\n","protected":false},"author":1,"featured_media":22296,"comment_status":"open","ping_status":"open","sticky":false,"template":"","format":"standard","meta":{"_jetpack_memberships_contains_paid_content":false,"footnotes":""},"categories":[8],"tags":[],"class_list":["post-22295","post","type-post","status-publish","format-standard","has-post-thumbnail","hentry","category-region"],"jetpack_featured_media_url":"https:\/\/encuentroinformativo.com.mx\/wp-content\/uploads\/2022\/01\/0B791809-C623-48E4-B45F-031BA4B32FE2.jpeg","jetpack_sharing_enabled":true,"jetpack_likes_enabled":true,"amp_enabled":true,"_links":{"self":[{"href":"https:\/\/encuentroinformativo.com.mx\/index.php?rest_route=\/wp\/v2\/posts\/22295","targetHints":{"allow":["GET"]}}],"collection":[{"href":"https:\/\/encuentroinformativo.com.mx\/index.php?rest_route=\/wp\/v2\/posts"}],"about":[{"href":"https:\/\/encuentroinformativo.com.mx\/index.php?rest_route=\/wp\/v2\/types\/post"}],"author":[{"embeddable":true,"href":"https:\/\/encuentroinformativo.com.mx\/index.php?rest_route=\/wp\/v2\/users\/1"}],"replies":[{"embeddable":true,"href":"https:\/\/encuentroinformativo.com.mx\/index.php?rest_route=%2Fwp%2Fv2%2Fcomments&post=22295"}],"version-history":[{"count":1,"href":"https:\/\/encuentroinformativo.com.mx\/index.php?rest_route=\/wp\/v2\/posts\/22295\/revisions"}],"predecessor-version":[{"id":22297,"href":"https:\/\/encuentroinformativo.com.mx\/index.php?rest_route=\/wp\/v2\/posts\/22295\/revisions\/22297"}],"wp:featuredmedia":[{"embeddable":true,"href":"https:\/\/encuentroinformativo.com.mx\/index.php?rest_route=\/wp\/v2\/media\/22296"}],"wp:attachment":[{"href":"https:\/\/encuentroinformativo.com.mx\/index.php?rest_route=%2Fwp%2Fv2%2Fmedia&parent=22295"}],"wp:term":[{"taxonomy":"category","embeddable":true,"href":"https:\/\/encuentroinformativo.com.mx\/index.php?rest_route=%2Fwp%2Fv2%2Fcategories&post=22295"},{"taxonomy":"post_tag","embeddable":true,"href":"https:\/\/encuentroinformativo.com.mx\/index.php?rest_route=%2Fwp%2Fv2%2Ftags&post=22295"}],"curies":[{"name":"wp","href":"https:\/\/api.w.org\/{rel}","templated":true}]}}