{"id":22304,"date":"2022-01-15T13:02:26","date_gmt":"2022-01-15T19:02:26","guid":{"rendered":"https:\/\/encuentroinformativo.com.mx\/?p=22304"},"modified":"2022-01-15T13:02:29","modified_gmt":"2022-01-15T19:02:29","slug":"se-reforzaran-acciones-preventivas-contra-covid-alcalde","status":"publish","type":"post","link":"https:\/\/encuentroinformativo.com.mx\/?p=22304","title":{"rendered":"Se reforzar\u00e1n acciones preventivas contra Covid: Alcalde"},"content":{"rendered":"\n<p><strong>Dar\u00edo Pale<\/strong><\/p>\n\n\n\n<p>Xalapa, Ver.- Este lunes se reunir\u00e1 con el personal de la Secretaria de Salud y el DIF municipal para ver qu\u00e9 acciones se van a tomar y las medidas preventivas para evitar contagios por el COVID-19, as\u00ed lo inform\u00f3 el presidente municipal de Xalapa Ricardo Ahued Bardahuil.<\/p>\n\n\n\n<p>Entrevistado durante una jornada de chapeo en el bulevar Xalapa-Coatepec, dio a conocer que, &#8220;tomar las medidas necesarias y transmitir a los comercios cu\u00e1les son las medidas e informar para la mejora de la salud y los cuidados de esta pandemia&#8221;.<\/p>\n\n\n\n<p>Dio a conocer que se est\u00e1n respetando las indicaciones de la Secretar\u00eda de Salud, los avisos que la dependencia emite para seguir trabajando, cuidando a todos, por lo que el Ayuntamiento ya ha implementado las restricciones y aforos en lugares cerrados, incluso \u00e9l mismo suspendi\u00f3 las audiencias ciudadanas en Cabildo, hasta el pr\u00f3ximo 23 de enero.<\/p>\n\n\n\n<p>Respecto de la jornada de limpieza, dijo que participar\u00e1n siempre que los inviten, porque se trata de una zona metropolitana y \u00e9sta tiene que crecer en limpieza, jardiner\u00eda e imagen urbana.<\/p>\n\n\n\n<p>&#8220;Es una zona que tiene que tienen que hacer estas labores en conjunto y, desde luego, colaboraremos las veces que sean necesarias. La imagen urbana es muy importante para la atracci\u00f3n tur\u00edstica, para la dignidad del centro de la capital y los municipios&#8221;, se\u00f1al\u00f3.<\/p>\n\n\n\n<p>Finalmente dio a conocer que, habr\u00e1n de participar con los municipios de Emiliano Zapata y Banderilla, igual que lo hacen este s\u00e1bado con Coatepec.<\/p>\n","protected":false},"excerpt":{"rendered":"<p>Dar\u00edo Pale Xalapa, Ver.- Este lunes se reunir\u00e1 con el personal de la Secretaria de Salud y el DIF municipal para ver qu\u00e9 acciones se van a tomar y las medidas preventivas para evitar contagios por el COVID-19, as\u00ed lo inform\u00f3 el presidente municipal de Xalapa Ricardo Ahued Bardahuil. Entrevistado durante una jornada de chapeo [&hellip;]<\/p>\n","protected":false},"author":1,"featured_media":22305,"comment_status":"open","ping_status":"open","sticky":false,"template":"","format":"standard","meta":{"_jetpack_memberships_contains_paid_content":false,"footnotes":""},"categories":[3],"tags":[],"class_list":["post-22304","post","type-post","status-publish","format-standard","has-post-thumbnail","hentry","category-xalapa"],"jetpack_featured_media_url":"https:\/\/encuentroinformativo.com.mx\/wp-content\/uploads\/2022\/01\/13A20299-3E94-42C8-8DD8-0DF2AC9D20CE.jpeg","jetpack_sharing_enabled":true,"jetpack_likes_enabled":true,"amp_enabled":true,"_links":{"self":[{"href":"https:\/\/encuentroinformativo.com.mx\/index.php?rest_route=\/wp\/v2\/posts\/22304","targetHints":{"allow":["GET"]}}],"collection":[{"href":"https:\/\/encuentroinformativo.com.mx\/index.php?rest_route=\/wp\/v2\/posts"}],"about":[{"href":"https:\/\/encuentroinformativo.com.mx\/index.php?rest_route=\/wp\/v2\/types\/post"}],"author":[{"embeddable":true,"href":"https:\/\/encuentroinformativo.com.mx\/index.php?rest_route=\/wp\/v2\/users\/1"}],"replies":[{"embeddable":true,"href":"https:\/\/encuentroinformativo.com.mx\/index.php?rest_route=%2Fwp%2Fv2%2Fcomments&post=22304"}],"version-history":[{"count":1,"href":"https:\/\/encuentroinformativo.com.mx\/index.php?rest_route=\/wp\/v2\/posts\/22304\/revisions"}],"predecessor-version":[{"id":22306,"href":"https:\/\/encuentroinformativo.com.mx\/index.php?rest_route=\/wp\/v2\/posts\/22304\/revisions\/22306"}],"wp:featuredmedia":[{"embeddable":true,"href":"https:\/\/encuentroinformativo.com.mx\/index.php?rest_route=\/wp\/v2\/media\/22305"}],"wp:attachment":[{"href":"https:\/\/encuentroinformativo.com.mx\/index.php?rest_route=%2Fwp%2Fv2%2Fmedia&parent=22304"}],"wp:term":[{"taxonomy":"category","embeddable":true,"href":"https:\/\/encuentroinformativo.com.mx\/index.php?rest_route=%2Fwp%2Fv2%2Fcategories&post=22304"},{"taxonomy":"post_tag","embeddable":true,"href":"https:\/\/encuentroinformativo.com.mx\/index.php?rest_route=%2Fwp%2Fv2%2Ftags&post=22304"}],"curies":[{"name":"wp","href":"https:\/\/api.w.org\/{rel}","templated":true}]}}