{"id":22308,"date":"2022-01-15T17:55:11","date_gmt":"2022-01-15T23:55:11","guid":{"rendered":"https:\/\/encuentroinformativo.com.mx\/?p=22308"},"modified":"2022-01-15T17:55:14","modified_gmt":"2022-01-15T23:55:14","slug":"supervisaran-aplicacion-de-programas-sociales","status":"publish","type":"post","link":"https:\/\/encuentroinformativo.com.mx\/?p=22308","title":{"rendered":"Supervisar\u00e1n aplicaci\u00f3n de programas sociales"},"content":{"rendered":"\n<p><strong>Dar\u00edo Pale <\/strong><\/p>\n\n\n\n<p>Xalapa, Ver.- El delegado federal de los programas de Bienestar en Veracruz Manuel Huerta Ladr\u00f3n de Guevara dio a conocer que la Secretar\u00eda revisar\u00e1 a los beneficiarios del programa de Producci\u00f3n del Bienestar para ver si verdaderamente est\u00e1n trabajando en proyectos agr\u00edcolas.<\/p>\n\n\n\n<p>Entrevistado en conocido hotel de 20 de noviembre se\u00f1al\u00f3 que, &#8220;vamos a hacer una revisi\u00f3n del programa de Producci\u00f3n para el Bienestar, persona por persona, predio por predio porque el Gobierno siempre act\u00faa de buena fe, pero hay que revisar que los productores est\u00e9n en la acci\u00f3n, porque no vaya a ser que muchos de ellos nada m\u00e1s reciben, pero se dedican a otras actividades&#8221;.<\/p>\n\n\n\n<p>Se\u00f1al\u00f3 que la revisi\u00f3n ser\u00e1 en pr\u00f3ximos d\u00edas, aprovechando el tiempo de la veda electoral que se contempla durante el periodo de la consulta por Revocaci\u00f3n de Mandato y se pondr\u00e1 mayor atenci\u00f3n a los productores de ca\u00f1a en la entidad.<\/p>\n\n\n\n<p>&#8220;Los cafeticultores, estamos claros que est\u00e1n produciendo, tienen una tradici\u00f3n productiva, organizativa y dem\u00e1s. El sector de la ca\u00f1a es con el que habr\u00e1 estar m\u00e1s al pendiente. Los productores de zonas ind\u00edgenas, estamos ciertos que el padr\u00f3n est\u00e1 muy bien porque se hizo en asambleas comunitarias y dem\u00e1s, pero quiero decirles que mucho del padr\u00f3n lo heredamos de programas muy feos que exist\u00edan, ya ni quiero hablar de ellos, del Pro Campo, del Pro Agro, esos eran la robadera total, no vaya a ser que ah\u00ed se quedaron algunos que tienen malas pr\u00e1cticas, entonces es revisar&#8221;, se\u00f1al\u00f3.<\/p>\n\n\n\n<p>Destac\u00f3 que es una obligaci\u00f3n del Gobierno revisar constantemente \u00a0los padrones de los programas sociales.<\/p>\n\n\n\n<p>En otro orden de ideas inform\u00f3 que el estado de Veracruz tendr\u00e1 16 de las 200 sucursales que se instalen en el pa\u00eds de los Bancos del Bienestar, mismas que se comenzar\u00e1n a inaugurar la pr\u00f3xima semana.<\/p>\n\n\n\n<p>&#8220;Veracruz va a ser de los estados que m\u00e1s sucursales va a aperturar, por su dimensi\u00f3n, por su importancia y porque hemos trabajado mucho&#8221;, dio a conocer en la entrevista.<\/p>\n\n\n\n<p>En menos de una semana ser\u00e1n inaugurados los primeros bancos en esta entidad, algo que estaba programado antes de que el Presidente Andr\u00e9s Manuel L\u00f3pez Obrador diera positivo a COVID.<\/p>\n\n\n\n<p>&#8220;En menos de una sana vamos a hacer las inauguraciones de los primeros Bancos del Bienestar en Veracruz y en todo el pa\u00eds&#8221;, coment\u00f3.<\/p>\n\n\n\n<p>Finalmente Manuel Huerta adelant\u00f3 que ser\u00e1 este mi\u00e9rcoles cuando se precisen los municipios y fechas de las primeras aperturas de estos bancos en los que la poblaci\u00f3n podr\u00e1 acceder a recursos federales.<\/p>\n","protected":false},"excerpt":{"rendered":"<p>Dar\u00edo Pale Xalapa, Ver.- El delegado federal de los programas de Bienestar en Veracruz Manuel Huerta Ladr\u00f3n de Guevara dio a conocer que la Secretar\u00eda revisar\u00e1 a los beneficiarios del programa de Producci\u00f3n del Bienestar para ver si verdaderamente est\u00e1n trabajando en proyectos agr\u00edcolas. Entrevistado en conocido hotel de 20 de noviembre se\u00f1al\u00f3 que, &#8220;vamos [&hellip;]<\/p>\n","protected":false},"author":1,"featured_media":22309,"comment_status":"open","ping_status":"open","sticky":false,"template":"","format":"standard","meta":{"_jetpack_memberships_contains_paid_content":false,"footnotes":""},"categories":[2],"tags":[],"class_list":["post-22308","post","type-post","status-publish","format-standard","has-post-thumbnail","hentry","category-estado"],"jetpack_featured_media_url":"https:\/\/encuentroinformativo.com.mx\/wp-content\/uploads\/2022\/01\/1FD08FFF-6829-48BD-BA43-F4F88A7D62D5-scaled.jpeg","jetpack_sharing_enabled":true,"jetpack_likes_enabled":true,"amp_enabled":true,"_links":{"self":[{"href":"https:\/\/encuentroinformativo.com.mx\/index.php?rest_route=\/wp\/v2\/posts\/22308","targetHints":{"allow":["GET"]}}],"collection":[{"href":"https:\/\/encuentroinformativo.com.mx\/index.php?rest_route=\/wp\/v2\/posts"}],"about":[{"href":"https:\/\/encuentroinformativo.com.mx\/index.php?rest_route=\/wp\/v2\/types\/post"}],"author":[{"embeddable":true,"href":"https:\/\/encuentroinformativo.com.mx\/index.php?rest_route=\/wp\/v2\/users\/1"}],"replies":[{"embeddable":true,"href":"https:\/\/encuentroinformativo.com.mx\/index.php?rest_route=%2Fwp%2Fv2%2Fcomments&post=22308"}],"version-history":[{"count":1,"href":"https:\/\/encuentroinformativo.com.mx\/index.php?rest_route=\/wp\/v2\/posts\/22308\/revisions"}],"predecessor-version":[{"id":22310,"href":"https:\/\/encuentroinformativo.com.mx\/index.php?rest_route=\/wp\/v2\/posts\/22308\/revisions\/22310"}],"wp:featuredmedia":[{"embeddable":true,"href":"https:\/\/encuentroinformativo.com.mx\/index.php?rest_route=\/wp\/v2\/media\/22309"}],"wp:attachment":[{"href":"https:\/\/encuentroinformativo.com.mx\/index.php?rest_route=%2Fwp%2Fv2%2Fmedia&parent=22308"}],"wp:term":[{"taxonomy":"category","embeddable":true,"href":"https:\/\/encuentroinformativo.com.mx\/index.php?rest_route=%2Fwp%2Fv2%2Fcategories&post=22308"},{"taxonomy":"post_tag","embeddable":true,"href":"https:\/\/encuentroinformativo.com.mx\/index.php?rest_route=%2Fwp%2Fv2%2Ftags&post=22308"}],"curies":[{"name":"wp","href":"https:\/\/api.w.org\/{rel}","templated":true}]}}