{"id":22323,"date":"2022-01-16T13:03:27","date_gmt":"2022-01-16T19:03:27","guid":{"rendered":"https:\/\/encuentroinformativo.com.mx\/?p=22323"},"modified":"2022-01-16T13:03:30","modified_gmt":"2022-01-16T19:03:30","slug":"no-es-una-gripa-es-covid","status":"publish","type":"post","link":"https:\/\/encuentroinformativo.com.mx\/?p=22323","title":{"rendered":"No es una gripa, es COVID"},"content":{"rendered":"\n<p><strong>Zaira Rosas<\/strong><\/p>\n\n\n\n<p>M\u00e9xico alcanza nuevos picos en la pandemia gracias a la r\u00e1pida expansi\u00f3n de \u00f3micron, s\u00ed en su mayor\u00eda la sintomatolog\u00eda suele ser menor con esta variante, pero no es as\u00ed para todas las personas, esto se ha visto de manera general en aquellos que est\u00e1n vacunados, sin embargo, a\u00fan hay miles de personas sin acceso a una vacuna, principalmente menores de edad. De ah\u00ed la urgencia de mostrar m\u00e1s empat\u00eda y aislarnos ante el menor s\u00edntoma.<\/p>\n\n\n\n<p>Pareciera que despu\u00e9s de casi dos a\u00f1os de pandemia en M\u00e9xico no hemos aprendido nada. Pa\u00edses europeos y Estados Unidos son un ejemplo de lo que nos espera y seguimos confiados en que nuestros n\u00fameros son menores, por ende, nos enga\u00f1amos pensando que quiz\u00e1s no se ha enfermado tanta gente, no consideramos un escenario m\u00e1s realista, en el cual entendemos que las cifras s\u00f3lo responden al n\u00famero de pruebas realizadas y que claramente en nuestro pa\u00eds a\u00fan creemos que puede ser una gripa antes de tomar las debidas precauciones.&nbsp;<\/p>\n\n\n\n<p>Habr\u00e1 quien tenga el esquema de vacunaci\u00f3n completo, incluso el refuerzo y por ello llegue a pensar que si se contagia no pasa nada, pero lo cierto es que no estamos dimensionando qu\u00e9 implica un incremento masivo en contagios. La falta de personal en distintos rubros y servicios es s\u00f3lo una muestra del caos que podemos enfrentar, el impacto se ver\u00e1 tambi\u00e9n en lo econ\u00f3mico, en el atraso que est\u00e1n teniendo algunas empresas y sobre todo en el desarrollo de nuestra poblaci\u00f3n.&nbsp;<\/p>\n\n\n\n<p>Actualmente por d\u00eda llevamos m\u00e1s de 44 mil contagiados en el pa\u00eds, m\u00e1s de 4 millones de personas se han infectado en M\u00e9xico desde que inici\u00f3 la pandemia y llegados a este punto quien no ha sufrido el COVID en carne propia, seguro conoce a alguien cercano que s\u00ed, \u00bfc\u00f3mo es posible que ante tantas p\u00e9rdidas sigamos sin entender? La respuesta es simple, estamos siendo ego\u00edstas, el exceso de confinamiento ha hecho que a muchas personas ya les de lo mismo salir a\u00fan sabiendo los riesgos del contagio, en otros casos es la necesidad. La econom\u00eda de nuestro pa\u00eds y del mundo qued\u00f3 muy lacerada y los programas de rescate adem\u00e1s de escasos no plantean verdaderas soluciones.&nbsp;<\/p>\n\n\n\n<p>Desgraciadamente nuestros l\u00edderes tambi\u00e9n minimizan la pandemia, viven enga\u00f1ados mencionando que vamos mejor que otros pa\u00edses, hablando de menos contagiados, pero no de la escasez de pruebas, y ni hablar del \u00faltimo incidente en el que nuestro Presidente se presenta en una ma\u00f1anera sin cubrebocas mencionando que amaneci\u00f3 ronco de la garganta y que seguro se trata de una simple gripa. Esto lo mencion\u00f3 sabiendo que hab\u00eda estado en contacto reciente&nbsp;con otra funcionaria que ya hab\u00eda dado positivo. Por la tarde al realizarse una prueba de COVID, dio positivo. No era una simple gripe.&nbsp;<\/p>\n\n\n\n<p>Si nuestros propios dirigentes que son los de mayor admiraci\u00f3n y a quienes se imitan no ponen el ejemplo, est\u00e1n condenando a la poblaci\u00f3n que en medio de la ignorancia tampoco sabe seguir las normas.&nbsp;Y me atrevo a hablar de una sociedad en su mayor\u00eda ignorante porque queremos seguir bajo los mismos par\u00e1metros que al principio de la pandemia, no comprendemos que todo ha evolucionado y que incluso las pruebas no funcionan igual, mucho menos los s\u00edntomas.&nbsp;<\/p>\n\n\n\n<p>Llegados a este punto hemos de entender con mayor sensibilidad que ante el menor detalle hemos de aislarnos por cuidar de otros, pero tambi\u00e9n de nosotros, ya deber\u00edamos vislumbrar que estamos conectados y el dolor de uno tarde o temprano se vuelve nuestro si no nos solidarizamos. La pandemia no ha terminado, por ende no bajemos la guardia, usemos cubrebocas y si no tenemos acceso a una prueba aislarse es la mejor opci\u00f3n.&nbsp;<\/p>\n","protected":false},"excerpt":{"rendered":"<p>Zaira Rosas M\u00e9xico alcanza nuevos picos en la pandemia gracias a la r\u00e1pida expansi\u00f3n de \u00f3micron, s\u00ed en su mayor\u00eda la sintomatolog\u00eda suele ser menor con esta variante, pero no es as\u00ed para todas las personas, esto se ha visto de manera general en aquellos que est\u00e1n vacunados, sin embargo, a\u00fan hay miles de personas [&hellip;]<\/p>\n","protected":false},"author":1,"featured_media":387,"comment_status":"open","ping_status":"open","sticky":false,"template":"","format":"standard","meta":{"_jetpack_memberships_contains_paid_content":false,"footnotes":""},"categories":[11],"tags":[],"class_list":["post-22323","post","type-post","status-publish","format-standard","has-post-thumbnail","hentry","category-opinion"],"jetpack_featured_media_url":"https:\/\/encuentroinformativo.com.mx\/wp-content\/uploads\/2020\/03\/7CF8A22B-2764-47BE-8F7F-38FE9E5D6A2F.jpeg","jetpack_sharing_enabled":true,"jetpack_likes_enabled":true,"amp_enabled":true,"_links":{"self":[{"href":"https:\/\/encuentroinformativo.com.mx\/index.php?rest_route=\/wp\/v2\/posts\/22323","targetHints":{"allow":["GET"]}}],"collection":[{"href":"https:\/\/encuentroinformativo.com.mx\/index.php?rest_route=\/wp\/v2\/posts"}],"about":[{"href":"https:\/\/encuentroinformativo.com.mx\/index.php?rest_route=\/wp\/v2\/types\/post"}],"author":[{"embeddable":true,"href":"https:\/\/encuentroinformativo.com.mx\/index.php?rest_route=\/wp\/v2\/users\/1"}],"replies":[{"embeddable":true,"href":"https:\/\/encuentroinformativo.com.mx\/index.php?rest_route=%2Fwp%2Fv2%2Fcomments&post=22323"}],"version-history":[{"count":1,"href":"https:\/\/encuentroinformativo.com.mx\/index.php?rest_route=\/wp\/v2\/posts\/22323\/revisions"}],"predecessor-version":[{"id":22324,"href":"https:\/\/encuentroinformativo.com.mx\/index.php?rest_route=\/wp\/v2\/posts\/22323\/revisions\/22324"}],"wp:featuredmedia":[{"embeddable":true,"href":"https:\/\/encuentroinformativo.com.mx\/index.php?rest_route=\/wp\/v2\/media\/387"}],"wp:attachment":[{"href":"https:\/\/encuentroinformativo.com.mx\/index.php?rest_route=%2Fwp%2Fv2%2Fmedia&parent=22323"}],"wp:term":[{"taxonomy":"category","embeddable":true,"href":"https:\/\/encuentroinformativo.com.mx\/index.php?rest_route=%2Fwp%2Fv2%2Fcategories&post=22323"},{"taxonomy":"post_tag","embeddable":true,"href":"https:\/\/encuentroinformativo.com.mx\/index.php?rest_route=%2Fwp%2Fv2%2Ftags&post=22323"}],"curies":[{"name":"wp","href":"https:\/\/api.w.org\/{rel}","templated":true}]}}