{"id":22328,"date":"2022-01-16T15:54:55","date_gmt":"2022-01-16T21:54:55","guid":{"rendered":"https:\/\/encuentroinformativo.com.mx\/?p=22328"},"modified":"2022-01-16T15:54:59","modified_gmt":"2022-01-16T21:54:59","slug":"denuncian-trabajadores-rebrote-de-covid-en-rectoria-uv","status":"publish","type":"post","link":"https:\/\/encuentroinformativo.com.mx\/?p=22328","title":{"rendered":"Denuncian trabajadores rebrote de Covid en rector\u00eda UV"},"content":{"rendered":"\n<p><strong>Juan Arcos<\/strong><\/p>\n\n\n\n<p>Xalapa, Ver.- Personal de la Universidad Veracruzana (UV) denunci\u00f3 un rebrote de Sars-Cov-2 (Covid-19) entre los empleados de la Rector\u00eda, ubicada en la colonia Lomas del Estadio, en esta ciudad de Xalapa.<\/p>\n\n\n\n<p>Mediante una denuncia an\u00f3nima, se report\u00f3 que varias personas han dado positivo a la prueba de coronavirus y que las autoridades universitarias ocultan informaci\u00f3n al respecto.<\/p>\n\n\n\n<p>\u201cEn la rector\u00eda de la universidad veracruzana hay demasiados contagios y solo sanitizan el \u00e1rea, no informan y omiten la informaci\u00f3n al personal de limpieza que entra a partir de las 6:00 horas y reincorporan al personal\u201d, comentaron.<\/p>\n\n\n\n<p>A\u00f1adieron que las personas contagiadas se han ausentado por varios d\u00edas; sin embargo, los trabajadores que han estado en contacto directo con ellas siguen acudiendo a las oficinas.<\/p>\n\n\n\n<p>\u201cLas personas que han estado en contacto directo con los contagiados siguen asistiendo a laborar de manera normal sin alguna restricci\u00f3n por \u00f3rdenes de recursos humanos de la misma universidad veracruzana\u201d, insistieron.<\/p>\n\n\n\n<p>Los quejosos indicaron que se han dado casos en diferentes departamentos de la Rector\u00eda de la m\u00e1xima casa de estudios del estado.<\/p>\n\n\n\n<p>Se habla de entre seis y diez contagios diarios en dicha unidad, arriesgando a todo el personal que labora en ese sitio, ante la inminente cuarta ola de coronavirus.<\/p>\n\n\n\n<p>Cabe recordar que el secretario general del Sindicato Estatal de Trabajadores al Servicio de la Universidad Veracruzana (Setsuv), Juan Mendoza Guti\u00e9rrez, indic\u00f3 que los contagios repuntaron en las \u00faltimas semanas en las distintas regiones de la universidad.<\/p>\n","protected":false},"excerpt":{"rendered":"<p>Juan Arcos Xalapa, Ver.- Personal de la Universidad Veracruzana (UV) denunci\u00f3 un rebrote de Sars-Cov-2 (Covid-19) entre los empleados de la Rector\u00eda, ubicada en la colonia Lomas del Estadio, en esta ciudad de Xalapa. Mediante una denuncia an\u00f3nima, se report\u00f3 que varias personas han dado positivo a la prueba de coronavirus y que las autoridades [&hellip;]<\/p>\n","protected":false},"author":1,"featured_media":22329,"comment_status":"open","ping_status":"open","sticky":false,"template":"","format":"standard","meta":{"_jetpack_memberships_contains_paid_content":false,"footnotes":""},"categories":[9],"tags":[],"class_list":["post-22328","post","type-post","status-publish","format-standard","has-post-thumbnail","hentry","category-salud"],"jetpack_featured_media_url":"https:\/\/encuentroinformativo.com.mx\/wp-content\/uploads\/2022\/01\/6BF80DCE-F462-4196-A4D8-D4DF78BCDE76.jpeg","jetpack_sharing_enabled":true,"jetpack_likes_enabled":true,"amp_enabled":true,"_links":{"self":[{"href":"https:\/\/encuentroinformativo.com.mx\/index.php?rest_route=\/wp\/v2\/posts\/22328","targetHints":{"allow":["GET"]}}],"collection":[{"href":"https:\/\/encuentroinformativo.com.mx\/index.php?rest_route=\/wp\/v2\/posts"}],"about":[{"href":"https:\/\/encuentroinformativo.com.mx\/index.php?rest_route=\/wp\/v2\/types\/post"}],"author":[{"embeddable":true,"href":"https:\/\/encuentroinformativo.com.mx\/index.php?rest_route=\/wp\/v2\/users\/1"}],"replies":[{"embeddable":true,"href":"https:\/\/encuentroinformativo.com.mx\/index.php?rest_route=%2Fwp%2Fv2%2Fcomments&post=22328"}],"version-history":[{"count":1,"href":"https:\/\/encuentroinformativo.com.mx\/index.php?rest_route=\/wp\/v2\/posts\/22328\/revisions"}],"predecessor-version":[{"id":22330,"href":"https:\/\/encuentroinformativo.com.mx\/index.php?rest_route=\/wp\/v2\/posts\/22328\/revisions\/22330"}],"wp:featuredmedia":[{"embeddable":true,"href":"https:\/\/encuentroinformativo.com.mx\/index.php?rest_route=\/wp\/v2\/media\/22329"}],"wp:attachment":[{"href":"https:\/\/encuentroinformativo.com.mx\/index.php?rest_route=%2Fwp%2Fv2%2Fmedia&parent=22328"}],"wp:term":[{"taxonomy":"category","embeddable":true,"href":"https:\/\/encuentroinformativo.com.mx\/index.php?rest_route=%2Fwp%2Fv2%2Fcategories&post=22328"},{"taxonomy":"post_tag","embeddable":true,"href":"https:\/\/encuentroinformativo.com.mx\/index.php?rest_route=%2Fwp%2Fv2%2Ftags&post=22328"}],"curies":[{"name":"wp","href":"https:\/\/api.w.org\/{rel}","templated":true}]}}