{"id":22335,"date":"2022-01-16T18:04:12","date_gmt":"2022-01-17T00:04:12","guid":{"rendered":"https:\/\/encuentroinformativo.com.mx\/?p=22335"},"modified":"2022-01-16T18:04:16","modified_gmt":"2022-01-17T00:04:16","slug":"pobladores-reclaman-ampliacion-de-rutas-de-evacuacion","status":"publish","type":"post","link":"https:\/\/encuentroinformativo.com.mx\/?p=22335","title":{"rendered":"Pobladores reclaman ampliaci\u00f3n de rutas de evacuaci\u00f3n"},"content":{"rendered":"\n<p><strong>Juan Arcos<\/strong><\/p>\n\n\n\n<p>Xalapa, Ver.- Pobladores del municipio de Actopan se reunieron este fin de semana en la localidad de La Mancha para exigir la ampliaci\u00f3n de los caminos que comprenden la ruta de evacuaci\u00f3n en caso de una emergencia por incidentes en la Planta Nucleoel\u00e9ctrica de Laguna Verde.<\/p>\n\n\n\n<p>La exigencia ha sido constante, pues en caso de un siniestro, ser\u00eda dif\u00edcil la salida de m\u00e1s de 40 mil habitantes en Tinajitas, La Mancha, Palmas de Abajo, Palmas de Arriba, El Viej\u00f3n, La Luz, El Ojital, El Farall\u00f3n y otras comunidades.<\/p>\n\n\n\n<p>De acuerdo con el representante de la asociaci\u00f3n civil \u201cLa Leyenda Chucho El Roto\u201d, Jorge Morales Barradas, urge el mejoramiento de los caminos y que \u00e9stos sean ampliados de dos a cuatro carriles.<\/p>\n\n\n\n<p>La principal ruta de evacuaci\u00f3n es la carretera Cardel-Poza Rica, mejor conocida como la Costera del Golfo; sin embargo, a la altura de La Mancha, solo se cuenta con dos carriles.<\/p>\n\n\n\n<p>\u201cSi es necesario salir urgente por alg\u00fan siniestro en Laguna Verde, pr\u00e1cticamente lo que provocar\u00edamos ser\u00eda un embudo\u201d, expres\u00f3 el entrevistado.<\/p>\n\n\n\n<p>La gente pidi\u00f3 a los gobiernos estatal y federal que se construyan dos carriles m\u00e1s en la carretera mencionada, sobre todo en la zona cercana a la Planta Nucleoel\u00e9ctrica.<\/p>\n\n\n\n<p>&#8220;Las familias aleda\u00f1as a la zona costera, siguen con la incertidumbre de cu\u00e1ndo se va a terminar la carretera federal 180 que es la ruta de evacuaci\u00f3n principal\u201d, a\u00f1adi\u00f3 Morales Barradas.<\/p>\n\n\n\n<p>El representante de la organizaci\u00f3n dijo confiar en que las reparaciones en el tramo carretero se llevar\u00e1n a cabo antes de que concluya el gobierno de Cuitl\u00e1huac Garc\u00eda Jim\u00e9nez.<\/p>\n\n\n\n<p>Es necesario cumplir con la ruta de evacuaci\u00f3n, pues as\u00ed lo marca el Plan de Emergencia Radiol\u00f3gico Externo (PERE) en la zona de Laguna Verde.<\/p>\n","protected":false},"excerpt":{"rendered":"<p>Juan Arcos Xalapa, Ver.- Pobladores del municipio de Actopan se reunieron este fin de semana en la localidad de La Mancha para exigir la ampliaci\u00f3n de los caminos que comprenden la ruta de evacuaci\u00f3n en caso de una emergencia por incidentes en la Planta Nucleoel\u00e9ctrica de Laguna Verde. La exigencia ha sido constante, pues en [&hellip;]<\/p>\n","protected":false},"author":1,"featured_media":22336,"comment_status":"open","ping_status":"open","sticky":false,"template":"","format":"standard","meta":{"_jetpack_memberships_contains_paid_content":false,"footnotes":""},"categories":[2],"tags":[],"class_list":["post-22335","post","type-post","status-publish","format-standard","has-post-thumbnail","hentry","category-estado"],"jetpack_featured_media_url":"https:\/\/encuentroinformativo.com.mx\/wp-content\/uploads\/2022\/01\/615B81DA-5431-4CBF-BA92-B4A8D0784A9E.jpeg","jetpack_sharing_enabled":true,"jetpack_likes_enabled":true,"amp_enabled":true,"_links":{"self":[{"href":"https:\/\/encuentroinformativo.com.mx\/index.php?rest_route=\/wp\/v2\/posts\/22335","targetHints":{"allow":["GET"]}}],"collection":[{"href":"https:\/\/encuentroinformativo.com.mx\/index.php?rest_route=\/wp\/v2\/posts"}],"about":[{"href":"https:\/\/encuentroinformativo.com.mx\/index.php?rest_route=\/wp\/v2\/types\/post"}],"author":[{"embeddable":true,"href":"https:\/\/encuentroinformativo.com.mx\/index.php?rest_route=\/wp\/v2\/users\/1"}],"replies":[{"embeddable":true,"href":"https:\/\/encuentroinformativo.com.mx\/index.php?rest_route=%2Fwp%2Fv2%2Fcomments&post=22335"}],"version-history":[{"count":1,"href":"https:\/\/encuentroinformativo.com.mx\/index.php?rest_route=\/wp\/v2\/posts\/22335\/revisions"}],"predecessor-version":[{"id":22337,"href":"https:\/\/encuentroinformativo.com.mx\/index.php?rest_route=\/wp\/v2\/posts\/22335\/revisions\/22337"}],"wp:featuredmedia":[{"embeddable":true,"href":"https:\/\/encuentroinformativo.com.mx\/index.php?rest_route=\/wp\/v2\/media\/22336"}],"wp:attachment":[{"href":"https:\/\/encuentroinformativo.com.mx\/index.php?rest_route=%2Fwp%2Fv2%2Fmedia&parent=22335"}],"wp:term":[{"taxonomy":"category","embeddable":true,"href":"https:\/\/encuentroinformativo.com.mx\/index.php?rest_route=%2Fwp%2Fv2%2Fcategories&post=22335"},{"taxonomy":"post_tag","embeddable":true,"href":"https:\/\/encuentroinformativo.com.mx\/index.php?rest_route=%2Fwp%2Fv2%2Ftags&post=22335"}],"curies":[{"name":"wp","href":"https:\/\/api.w.org\/{rel}","templated":true}]}}