{"id":22344,"date":"2022-01-17T13:02:35","date_gmt":"2022-01-17T19:02:35","guid":{"rendered":"https:\/\/encuentroinformativo.com.mx\/?p=22344"},"modified":"2022-01-17T13:02:38","modified_gmt":"2022-01-17T19:02:38","slug":"se-registra-alta-afluencia-de-docentes-a-vacunacion","status":"publish","type":"post","link":"https:\/\/encuentroinformativo.com.mx\/?p=22344","title":{"rendered":"Se registra alta afluencia de docentes a vacunaci\u00f3n"},"content":{"rendered":"\n<p><strong>Juan Arcos<\/strong><\/p>\n\n\n\n<p>Xalapa, Ver.- Docentes hicieron largas filas durante la jornada para la aplicaci\u00f3n del refuerzo de la vacuna contra Sars-Cov2 (Covid-19) en la ciudad de Xalapa.<\/p>\n\n\n\n<p>Los profesores se formaron afuera del Complejo Deportivo Omega, en las inmediaciones del Estadio Xalape\u00f1o \u201cHeriberto Jara Corona\u201d, haciendo filas de m\u00e1s de 300 metros.<\/p>\n\n\n\n<p>En la capital del estado se habilitaron dos sedes: una en el Omega y otra en la Benem\u00e9rita Escuela Normal Veracruzana (BENV) \u201cEnrique C. Rebsamen\u201d, ubicada sobre la avenida Xalapa.<\/p>\n\n\n\n<p>Se pretende inmunizar a 177 mil docentes en todo el estado de Veracruz, con la vacuna Moderna, del 17 al 21 de enero.<\/p>\n\n\n\n<p>Afuera del Gimnasio Omega, la maestra Rosy Alegr\u00eda indic\u00f3 que contin\u00faan las clases presenciales en las escuelas y por ello es necesario que todos los docentes se apliquen el refuerzo.<\/p>\n\n\n\n<p>La entrevistada mencion\u00f3 que la vacuna Moderna tiene una efectividad del 90 por ciento, situaci\u00f3n que da confianza al magisterio.<\/p>\n\n\n\n<p>\u201cSe nos dice que tiene efectividad el 90 por ciento y da certeza para seguir trabajando\u201d, expres\u00f3.<\/p>\n\n\n\n<p>En algunos casos, fue aplicada la segunda vacuna, sobre todo a quienes recibieron la dosis CanSino y la tercera para aquellos que les toc\u00f3 <em>Pfizer<\/em>.<\/p>\n","protected":false},"excerpt":{"rendered":"<p>Juan Arcos Xalapa, Ver.- Docentes hicieron largas filas durante la jornada para la aplicaci\u00f3n del refuerzo de la vacuna contra Sars-Cov2 (Covid-19) en la ciudad de Xalapa. Los profesores se formaron afuera del Complejo Deportivo Omega, en las inmediaciones del Estadio Xalape\u00f1o \u201cHeriberto Jara Corona\u201d, haciendo filas de m\u00e1s de 300 metros. En la capital [&hellip;]<\/p>\n","protected":false},"author":1,"featured_media":22345,"comment_status":"open","ping_status":"open","sticky":false,"template":"","format":"standard","meta":{"_jetpack_memberships_contains_paid_content":false,"footnotes":""},"categories":[9],"tags":[],"class_list":["post-22344","post","type-post","status-publish","format-standard","has-post-thumbnail","hentry","category-salud"],"jetpack_featured_media_url":"https:\/\/encuentroinformativo.com.mx\/wp-content\/uploads\/2022\/01\/3ACCF42D-2023-44E7-AFC5-3D2ABD33A1ED.jpeg","jetpack_sharing_enabled":true,"jetpack_likes_enabled":true,"amp_enabled":true,"_links":{"self":[{"href":"https:\/\/encuentroinformativo.com.mx\/index.php?rest_route=\/wp\/v2\/posts\/22344","targetHints":{"allow":["GET"]}}],"collection":[{"href":"https:\/\/encuentroinformativo.com.mx\/index.php?rest_route=\/wp\/v2\/posts"}],"about":[{"href":"https:\/\/encuentroinformativo.com.mx\/index.php?rest_route=\/wp\/v2\/types\/post"}],"author":[{"embeddable":true,"href":"https:\/\/encuentroinformativo.com.mx\/index.php?rest_route=\/wp\/v2\/users\/1"}],"replies":[{"embeddable":true,"href":"https:\/\/encuentroinformativo.com.mx\/index.php?rest_route=%2Fwp%2Fv2%2Fcomments&post=22344"}],"version-history":[{"count":1,"href":"https:\/\/encuentroinformativo.com.mx\/index.php?rest_route=\/wp\/v2\/posts\/22344\/revisions"}],"predecessor-version":[{"id":22346,"href":"https:\/\/encuentroinformativo.com.mx\/index.php?rest_route=\/wp\/v2\/posts\/22344\/revisions\/22346"}],"wp:featuredmedia":[{"embeddable":true,"href":"https:\/\/encuentroinformativo.com.mx\/index.php?rest_route=\/wp\/v2\/media\/22345"}],"wp:attachment":[{"href":"https:\/\/encuentroinformativo.com.mx\/index.php?rest_route=%2Fwp%2Fv2%2Fmedia&parent=22344"}],"wp:term":[{"taxonomy":"category","embeddable":true,"href":"https:\/\/encuentroinformativo.com.mx\/index.php?rest_route=%2Fwp%2Fv2%2Fcategories&post=22344"},{"taxonomy":"post_tag","embeddable":true,"href":"https:\/\/encuentroinformativo.com.mx\/index.php?rest_route=%2Fwp%2Fv2%2Ftags&post=22344"}],"curies":[{"name":"wp","href":"https:\/\/api.w.org\/{rel}","templated":true}]}}