{"id":22347,"date":"2022-01-17T13:23:01","date_gmt":"2022-01-17T19:23:01","guid":{"rendered":"https:\/\/encuentroinformativo.com.mx\/?p=22347"},"modified":"2022-01-17T13:23:06","modified_gmt":"2022-01-17T19:23:06","slug":"obligatorio-uso-de-cubrebocas-en-veracruz-puerto","status":"publish","type":"post","link":"https:\/\/encuentroinformativo.com.mx\/?p=22347","title":{"rendered":"Obligatorio uso de cubrebocas en Veracruz Puerto"},"content":{"rendered":"\n<p><strong>Alejandro \u00c1vila<\/strong><\/p>\n\n\n\n<p>Veracruz, Ver.- Ante el aumento de casos de COVID-19 en el municipio de Veracruz, la alcaldesa, Patricia Lobeira Rodr\u00edguez, dijo que ser\u00e1 oblogatorio en espacios p\u00fablicos el uso de cubrebocas; por el momento solo se pedir\u00e1 que cumplan la disposici\u00f3n, de hacer caso omiso se podr\u00edan hacer acreedores de una multa.<\/p>\n\n\n\n<p>De manera inicial, la direcci\u00f3n de Comercio vigilar\u00e1 bares y restaurantes; mientras que Transporte P\u00fablico del Estado, supervisar\u00e1 autobuses de pasaje y taxis; adem\u00e1s, se limitar\u00e1 nuevamente el aforo en unidades deportivas al 75 por ciento.<\/p>\n\n\n\n<p>&#8220;Vamos a estarle exigiendo a los comercios, como a los operadores del servicio de transporte urbano, que por favor respeten estas reglas, por el momento no vamos a tener multas, pero si vemos que no se est\u00e1n cumpliendo con estas medidas que son de tanta importancia, por es la salud de todos los veracruzanos, entonces s\u00ed procederemos m\u00e1s adelante a establecer multas&#8221;, declar\u00f3.<\/p>\n\n\n\n<p>La presidenta municipal, dijo que tan solo en el Ayuntamiento de Veracruz, 12 directores de \u00e1rea se contagiaron de COVID en la \u00faltima semana, aunque ahora ya se encuentran libres del virus y trabajando.<\/p>\n\n\n\n<p>Finalmente, dijo que todo el personal que funge como primer respondiente como, inspectores o cajeras del cobro predial, se les estar\u00e1 haciendo constantemente pruebas de COVID, para evitar que una persona contagiada atienda a la ciudadan\u00eda, al tiempo que se le brindar\u00eda todo el apoyo durante su rehabilitaci\u00f3n.<\/p>\n","protected":false},"excerpt":{"rendered":"<p>Alejandro \u00c1vila Veracruz, Ver.- Ante el aumento de casos de COVID-19 en el municipio de Veracruz, la alcaldesa, Patricia Lobeira Rodr\u00edguez, dijo que ser\u00e1 oblogatorio en espacios p\u00fablicos el uso de cubrebocas; por el momento solo se pedir\u00e1 que cumplan la disposici\u00f3n, de hacer caso omiso se podr\u00edan hacer acreedores de una multa. De manera [&hellip;]<\/p>\n","protected":false},"author":1,"featured_media":22348,"comment_status":"open","ping_status":"open","sticky":false,"template":"","format":"standard","meta":{"_jetpack_memberships_contains_paid_content":false,"footnotes":""},"categories":[2],"tags":[],"class_list":["post-22347","post","type-post","status-publish","format-standard","has-post-thumbnail","hentry","category-estado"],"jetpack_featured_media_url":"https:\/\/encuentroinformativo.com.mx\/wp-content\/uploads\/2022\/01\/58650A7F-DF45-4897-B5DB-9AB367D62026.jpeg","jetpack_sharing_enabled":true,"jetpack_likes_enabled":true,"amp_enabled":true,"_links":{"self":[{"href":"https:\/\/encuentroinformativo.com.mx\/index.php?rest_route=\/wp\/v2\/posts\/22347","targetHints":{"allow":["GET"]}}],"collection":[{"href":"https:\/\/encuentroinformativo.com.mx\/index.php?rest_route=\/wp\/v2\/posts"}],"about":[{"href":"https:\/\/encuentroinformativo.com.mx\/index.php?rest_route=\/wp\/v2\/types\/post"}],"author":[{"embeddable":true,"href":"https:\/\/encuentroinformativo.com.mx\/index.php?rest_route=\/wp\/v2\/users\/1"}],"replies":[{"embeddable":true,"href":"https:\/\/encuentroinformativo.com.mx\/index.php?rest_route=%2Fwp%2Fv2%2Fcomments&post=22347"}],"version-history":[{"count":1,"href":"https:\/\/encuentroinformativo.com.mx\/index.php?rest_route=\/wp\/v2\/posts\/22347\/revisions"}],"predecessor-version":[{"id":22349,"href":"https:\/\/encuentroinformativo.com.mx\/index.php?rest_route=\/wp\/v2\/posts\/22347\/revisions\/22349"}],"wp:featuredmedia":[{"embeddable":true,"href":"https:\/\/encuentroinformativo.com.mx\/index.php?rest_route=\/wp\/v2\/media\/22348"}],"wp:attachment":[{"href":"https:\/\/encuentroinformativo.com.mx\/index.php?rest_route=%2Fwp%2Fv2%2Fmedia&parent=22347"}],"wp:term":[{"taxonomy":"category","embeddable":true,"href":"https:\/\/encuentroinformativo.com.mx\/index.php?rest_route=%2Fwp%2Fv2%2Fcategories&post=22347"},{"taxonomy":"post_tag","embeddable":true,"href":"https:\/\/encuentroinformativo.com.mx\/index.php?rest_route=%2Fwp%2Fv2%2Ftags&post=22347"}],"curies":[{"name":"wp","href":"https:\/\/api.w.org\/{rel}","templated":true}]}}