{"id":22350,"date":"2022-01-17T13:28:38","date_gmt":"2022-01-17T19:28:38","guid":{"rendered":"https:\/\/encuentroinformativo.com.mx\/?p=22350"},"modified":"2022-01-17T13:28:41","modified_gmt":"2022-01-17T19:28:41","slug":"rinde-protesta-nuevo-dirigente-de-la-cmic-veracruz-puerto","status":"publish","type":"post","link":"https:\/\/encuentroinformativo.com.mx\/?p=22350","title":{"rendered":"Rinde protesta nuevo dirigente de la CMIC Veracruz-Puerto"},"content":{"rendered":"\n<p><strong>Alejandro \u00c1vila <\/strong><\/p>\n\n\n\n<p>Boca del R\u00edo, Ver.- Asumiendo el reto de consolidar el liderazgo de la industria de la construcci\u00f3n en la regi\u00f3n costera central de la entidad, el ingeniero Jorge Rafael Alard\u00edn C\u00f3rdova rindi\u00f3 protesta como nuevo presidente de la C\u00e1mara Mexicana de la Industria de la Construcci\u00f3n -delegaci\u00f3n Veracruz-Puerto- para el periodo 2022-2025.<\/p>\n\n\n\n<p>Tal como dictan los estatutos, se llev\u00f3 a cabo la Asamblea Ordinaria Delegacional para elegir al sucesor de Marcos Ordu\u00f1a Alcocer -quien estuvo al frente del organismo de 2019 a 2021-, eligiendo por unanimidad al ingeniero Alard\u00edn C\u00f3rdova.<\/p>\n\n\n\n<p>En dicha asamblea, las empresas afiliadas conocieron de primera mano el resultado y balance positivo que dej\u00f3 Ordu\u00f1a Alcocer y posteriormente se present\u00f3 la candidatura de unidad encabezada por Jorge Rafael Alard\u00edn C\u00f3rdova, quien previamente desarroll\u00f3 cargos importantes dentro de CMIC Veracruz-Puerto.<\/p>\n\n\n\n<p>Dicha candidatura fue impulsada para representar los intereses de las empresas constructoras serias, organizadas y capacitadas de Veracruz.<\/p>\n\n\n\n<p>Tras la elecci\u00f3n fue proclamado en unidad y juramentando la protesta junto al comit\u00e9 que lo acompa\u00f1ar\u00e1 durante este primer a\u00f1o, el nuevo titular subray\u00f3 que seguir\u00e1 consolidando el capital de trabajo y prestigio que sus \u00faltimos antecesores han impreso a nivel nacional y que han servido como hoja de ruta.<\/p>\n\n\n\n<p>En ese sentido reconoci\u00f3 el gran trabajo realizado por F\u00e9lix Grajales, Pedro Aguilar y Marcos Ordu\u00f1a Alcocer.<\/p>\n\n\n\n<p>\u201cEs un reto muy importante para un servidor. Vamos a trabajar con un comit\u00e9 que privilegie, por sobre todas las cosas, el trabajo en equipo. Pero tambi\u00e9n seguiremos fortaleciendo e impulsando la capacitaci\u00f3n como bandera de trabajo e innovaci\u00f3n y siempre buscando posicionar a nuestra Industria con los servicios de calidad y la experiencia que tenemos los constructores veracruzanos\u201d, destac\u00f3 el nuevo presidente de CMIC Veracruz-Puerto.<\/p>\n\n\n\n<p>Alard\u00edn C\u00f3rdova enfatiz\u00f3 adem\u00e1s que la CMIC Veracruz-Puerto contar\u00e1 con una proactiva representaci\u00f3n del sector a trav\u00e9s de una administraci\u00f3n transparente e incluyente, donde todas las voces caben y donde el trabajo y unidad son el \u00fanico lenguaje practicante de los constructores serios y organizados de la zona metropolitana Veracruz\u2013Boca del R\u00edo.<\/p>\n\n\n\n<p>Jorge Rafael Alard\u00edn C\u00f3rdova es Ingeniero Industrial Mec\u00e1nico egresado del Instituto Tecnol\u00f3gico de Veracruz y cuenta con dos Maestr\u00edas: una en Mec\u00e1nica T\u00e9rmica por parte del Tecnol\u00f3gico de Veracruz y una Maestr\u00eda en Administraci\u00f3n de la Construcci\u00f3n por parte del Instituto Tecnol\u00f3gico de la Construcci\u00f3n de la CMIC, adem\u00e1s de contar con diplomados y cursos diversos que avalan su calidad profesional y una formaci\u00f3n empresarial dentro de la Industria de m\u00e1s de 20 a\u00f1os.<\/p>\n","protected":false},"excerpt":{"rendered":"<p>Alejandro \u00c1vila Boca del R\u00edo, Ver.- Asumiendo el reto de consolidar el liderazgo de la industria de la construcci\u00f3n en la regi\u00f3n costera central de la entidad, el ingeniero Jorge Rafael Alard\u00edn C\u00f3rdova rindi\u00f3 protesta como nuevo presidente de la C\u00e1mara Mexicana de la Industria de la Construcci\u00f3n -delegaci\u00f3n Veracruz-Puerto- para el periodo 2022-2025. Tal [&hellip;]<\/p>\n","protected":false},"author":1,"featured_media":22351,"comment_status":"open","ping_status":"open","sticky":false,"template":"","format":"standard","meta":{"_jetpack_memberships_contains_paid_content":false,"footnotes":""},"categories":[2],"tags":[],"class_list":["post-22350","post","type-post","status-publish","format-standard","has-post-thumbnail","hentry","category-estado"],"jetpack_featured_media_url":"https:\/\/encuentroinformativo.com.mx\/wp-content\/uploads\/2022\/01\/1186C935-FFAC-4BE9-B064-D0F111FE3322.jpeg","jetpack_sharing_enabled":true,"jetpack_likes_enabled":true,"amp_enabled":true,"_links":{"self":[{"href":"https:\/\/encuentroinformativo.com.mx\/index.php?rest_route=\/wp\/v2\/posts\/22350","targetHints":{"allow":["GET"]}}],"collection":[{"href":"https:\/\/encuentroinformativo.com.mx\/index.php?rest_route=\/wp\/v2\/posts"}],"about":[{"href":"https:\/\/encuentroinformativo.com.mx\/index.php?rest_route=\/wp\/v2\/types\/post"}],"author":[{"embeddable":true,"href":"https:\/\/encuentroinformativo.com.mx\/index.php?rest_route=\/wp\/v2\/users\/1"}],"replies":[{"embeddable":true,"href":"https:\/\/encuentroinformativo.com.mx\/index.php?rest_route=%2Fwp%2Fv2%2Fcomments&post=22350"}],"version-history":[{"count":1,"href":"https:\/\/encuentroinformativo.com.mx\/index.php?rest_route=\/wp\/v2\/posts\/22350\/revisions"}],"predecessor-version":[{"id":22352,"href":"https:\/\/encuentroinformativo.com.mx\/index.php?rest_route=\/wp\/v2\/posts\/22350\/revisions\/22352"}],"wp:featuredmedia":[{"embeddable":true,"href":"https:\/\/encuentroinformativo.com.mx\/index.php?rest_route=\/wp\/v2\/media\/22351"}],"wp:attachment":[{"href":"https:\/\/encuentroinformativo.com.mx\/index.php?rest_route=%2Fwp%2Fv2%2Fmedia&parent=22350"}],"wp:term":[{"taxonomy":"category","embeddable":true,"href":"https:\/\/encuentroinformativo.com.mx\/index.php?rest_route=%2Fwp%2Fv2%2Fcategories&post=22350"},{"taxonomy":"post_tag","embeddable":true,"href":"https:\/\/encuentroinformativo.com.mx\/index.php?rest_route=%2Fwp%2Fv2%2Ftags&post=22350"}],"curies":[{"name":"wp","href":"https:\/\/api.w.org\/{rel}","templated":true}]}}