{"id":22364,"date":"2022-01-17T14:58:50","date_gmt":"2022-01-17T20:58:50","guid":{"rendered":"https:\/\/encuentroinformativo.com.mx\/?p=22364"},"modified":"2022-01-17T14:58:54","modified_gmt":"2022-01-17T20:58:54","slug":"ex-gobernadores-permitieron-crecimiento-de-delincuencia-cuitlahuac-garcia","status":"publish","type":"post","link":"https:\/\/encuentroinformativo.com.mx\/?p=22364","title":{"rendered":"Ex gobernadores permitieron crecimiento de delincuencia: Cuitl\u00e1huac Garc\u00eda"},"content":{"rendered":"\n<p><strong>Dar\u00edo Pale<\/strong><\/p>\n\n\n\n<p>Xalapa, Ver.- El gobernador del estado Cuitl\u00e1huac Garc\u00eda Jim\u00e9nez se\u00f1al\u00f3 que no hay problema que ojal\u00e1 y lo investiguen ya que presumi\u00f3 que tiene mucha autoridad moral, esto pese a que el presidente Andr\u00e9s Manuel L\u00f3pez Obrador defini\u00f3 que no es necesario que Estados Unidos investigue a los gobernadores Cuitl\u00e1huac Garc\u00eda y Cuauht\u00e9moc Blanco por presuntos nexos con la delincuencia organizada.<\/p>\n\n\n\n<p>En conferencia de prensa realizada en la sala de Banderas de palacio de gobierno, solicit\u00f3 que la Uni\u00f3n Americana investigue a las administraciones de Fidel Herrera, Javier Duarte, Miguel \u00c1ngel Yunes Linares, as\u00ed como a la suya, ya que el que nada debe, nada teme.<\/p>\n\n\n\n<p>Adem\u00e1s dio a conocer que tendr\u00eda cosas que sugerir a cualquier comit\u00e9 o comisi\u00f3n de investigaci\u00f3n que se forme, porque resulta muy raro que el Cartel Jalisco Nueva Generaci\u00f3n haya penetrado tanto en la administraci\u00f3n de Yunes Linares, de la misma manera que lo hicieron Los Zetas en la administraci\u00f3n de Herrera Beltr\u00e1n.<\/p>\n\n\n\n<p>En ese sentido, tambi\u00e9n acus\u00f3 a la administraci\u00f3n de Duarte de haber permitido el crecimiento del Grupo Sombra en el norte del Estado.<\/p>\n\n\n\n<p>&#8220;Ya para decirlo con sus nombres y sus palabras, que se investigue y, desde luego a nosotros, no tenemos ning\u00fan problema nosotros que estamos combatiendo a todos ellos, pues tambi\u00e9n que se indague, pero que sea cierto pues, porque llevamos buen rato en esto y no m\u00e1s nunca se les toc\u00f3 a los gobernadores anteriores&#8221;, se\u00f1al\u00f3.<\/p>\n\n\n\n<p>&#8220;Cuando se habl\u00f3 de Los Zetas aqu\u00ed estuvo Fidel y nadie dijo nada. Duarte con todos los c\u00e1rteles aqu\u00ed y nunca nada. Yunes con Cartel Jalisco&#8221;, agreg\u00f3.<\/p>\n\n\n\n<p>De igual forma refiri\u00f3 nuevamente como el exfiscal Jorge Winckler negociaba presuntamente carpetas de investigaci\u00f3n para liberar a delincuentes.<\/p>\n\n\n\n<p>El titular del Ejecutivo solicit\u00f3 que se indague a esos gobiernos con datos, pero tambi\u00e9n que se investigue por qu\u00e9 jueces del Estado liberan tan f\u00e1cilmente a jefes de plaza cuando los ponen a disposici\u00f3n de la autoridad jurisdiccional.<\/p>\n\n\n\n<p>Dio a conocer que hace poco detuvieron y pusieron a disposici\u00f3n a un presunto delincuente que portaba un arma corta, pero el juez determin\u00f3 liberarlo porque el arma no era del calibre que implicar\u00eda prisi\u00f3n oficiosa.<\/p>\n\n\n\n<p>&#8220;Entonces s\u00ed nos interesa que vengan a investigar, por qu\u00e9 cuando se trata de ese tipo delincuentes nadie habla, nadie les llama la atenci\u00f3n a los jueces y, a los funcionarios anteriores por qu\u00e9 nadie les dijo nada&#8221;, pregunt\u00f3 olvidando que se trata de una soberan\u00eda que est\u00e1 a cargo de In\u00e9s Isabel Romero Cruz, presidenta del Tribunal Superior de Justicia.<\/p>\n\n\n\n<p>El mandatario estatal insisti\u00f3 en que ojal\u00e1 y s\u00ed vengan a investigar porque ya est\u00e1n &#8220;hasta aqu\u00ed de grupos delictivos&#8221;, por lo que insisti\u00f3 en acusar a los exmandatarios de haber dejado penetrar a la delincuencia sin que nadie dijera o hiciera algo, situaci\u00f3n que se padece y se combate en su administraci\u00f3n.<br>No perdi\u00f3 la oportunidad de reiterar que ahora se enojan quienes defienden a delincuentes y aunque no lo mencion\u00f3, hay que recordar que por esta disputa se ha venido enfrentando al senador de su partido, Ricardo Monreal.<\/p>\n\n\n\n<p>Garc\u00eda Jim\u00e9nez reproch\u00f3 que le est\u00e9n quitando &#8220;herramientas&#8221; jur\u00eddicas contra los delincuentes, incluso dijo: est\u00e1n duro y dale contra las formas jur\u00eddicas que estamos haciendo para detener a delincuentes.<\/p>\n\n\n\n<p>El Gobernador pidi\u00f3 otra vez a los medios de comunicaci\u00f3n que se le publique lo que dice, que se publique las ocho columnas con lo que dicta: &#8220;\u00bfpor qu\u00e9 hay quienes defienden a los delincuentes&#8221;?<\/p>\n\n\n\n<p>&#8220;Pregunten en sus medios, espero ver el titular: el Gobernador cuestiona por qu\u00e9 hay quienes defienden a los medios (sic.) y nadie dice nada. Por qu\u00e9 no existe una pregunta: oiga, por qu\u00e9 fulanito que defiende a delincuentes se le puede decir algo, algo as\u00ed no s\u00e9, columnas&#8221;, sugiri\u00f3.<\/p>\n\n\n\n<p>Incluso sostuvo que si los medios lo van a atacar por decir eso, no importa, no se echar\u00e1 para atr\u00e1s, ya que tiene un encargo de la sociedad que est\u00e1 harta de la delincuencia organizada de cuello blanco y de la delincuencia organizada del narcotr\u00e1fico.<\/p>\n\n\n\n<p>Finalmente en ese tema se\u00f1al\u00f3, &#8220;voy duro contra ellos, parejo. Hay hechos contundentes de que estamos actuando. Acabamos de agarrar a un jefe de plaza que, aunque lo agarramos aqu\u00ed en Emiliano Zapata, no es de Emiliano Zapata, es de Chinameca&#8221;.<\/p>\n","protected":false},"excerpt":{"rendered":"<p>Dar\u00edo Pale Xalapa, Ver.- El gobernador del estado Cuitl\u00e1huac Garc\u00eda Jim\u00e9nez se\u00f1al\u00f3 que no hay problema que ojal\u00e1 y lo investiguen ya que presumi\u00f3 que tiene mucha autoridad moral, esto pese a que el presidente Andr\u00e9s Manuel L\u00f3pez Obrador defini\u00f3 que no es necesario que Estados Unidos investigue a los gobernadores Cuitl\u00e1huac Garc\u00eda y Cuauht\u00e9moc [&hellip;]<\/p>\n","protected":false},"author":1,"featured_media":22365,"comment_status":"open","ping_status":"open","sticky":false,"template":"","format":"standard","meta":{"_jetpack_memberships_contains_paid_content":false,"footnotes":""},"categories":[2],"tags":[],"class_list":["post-22364","post","type-post","status-publish","format-standard","has-post-thumbnail","hentry","category-estado"],"jetpack_featured_media_url":"https:\/\/encuentroinformativo.com.mx\/wp-content\/uploads\/2022\/01\/13DE3B4D-8309-4256-85C4-893C4A5460A9.jpeg","jetpack_sharing_enabled":true,"jetpack_likes_enabled":true,"amp_enabled":true,"_links":{"self":[{"href":"https:\/\/encuentroinformativo.com.mx\/index.php?rest_route=\/wp\/v2\/posts\/22364","targetHints":{"allow":["GET"]}}],"collection":[{"href":"https:\/\/encuentroinformativo.com.mx\/index.php?rest_route=\/wp\/v2\/posts"}],"about":[{"href":"https:\/\/encuentroinformativo.com.mx\/index.php?rest_route=\/wp\/v2\/types\/post"}],"author":[{"embeddable":true,"href":"https:\/\/encuentroinformativo.com.mx\/index.php?rest_route=\/wp\/v2\/users\/1"}],"replies":[{"embeddable":true,"href":"https:\/\/encuentroinformativo.com.mx\/index.php?rest_route=%2Fwp%2Fv2%2Fcomments&post=22364"}],"version-history":[{"count":1,"href":"https:\/\/encuentroinformativo.com.mx\/index.php?rest_route=\/wp\/v2\/posts\/22364\/revisions"}],"predecessor-version":[{"id":22366,"href":"https:\/\/encuentroinformativo.com.mx\/index.php?rest_route=\/wp\/v2\/posts\/22364\/revisions\/22366"}],"wp:featuredmedia":[{"embeddable":true,"href":"https:\/\/encuentroinformativo.com.mx\/index.php?rest_route=\/wp\/v2\/media\/22365"}],"wp:attachment":[{"href":"https:\/\/encuentroinformativo.com.mx\/index.php?rest_route=%2Fwp%2Fv2%2Fmedia&parent=22364"}],"wp:term":[{"taxonomy":"category","embeddable":true,"href":"https:\/\/encuentroinformativo.com.mx\/index.php?rest_route=%2Fwp%2Fv2%2Fcategories&post=22364"},{"taxonomy":"post_tag","embeddable":true,"href":"https:\/\/encuentroinformativo.com.mx\/index.php?rest_route=%2Fwp%2Fv2%2Ftags&post=22364"}],"curies":[{"name":"wp","href":"https:\/\/api.w.org\/{rel}","templated":true}]}}