{"id":22367,"date":"2022-01-17T15:02:14","date_gmt":"2022-01-17T21:02:14","guid":{"rendered":"https:\/\/encuentroinformativo.com.mx\/?p=22367"},"modified":"2022-01-17T15:02:16","modified_gmt":"2022-01-17T21:02:16","slug":"descartan-aplicar-sanciones-por-no-usar-cubrebocas-en-xalapa","status":"publish","type":"post","link":"https:\/\/encuentroinformativo.com.mx\/?p=22367","title":{"rendered":"Descartan aplicar sanciones por no usar cubrebocas en Xalapa"},"content":{"rendered":"\n<p><strong>Juan Arcos\u00a0<\/strong><\/p>\n\n\n\n<p>Xalapa, Ver.- El ayuntamiento de Xalapa no contempla sanciones contra quienes no usen cubrebocas en espacios p\u00fablicos, pese a la inminente cuarta ola de Sars-Cov2 (Covid-19).<\/p>\n\n\n\n<p>De acuerdo con la subdirectora de Salud municipal, Olga Isabel Alarc\u00f3n Ricardez, el alcalde Ricardo Ahued Bardahuil prefiere garantizar la libertad y apelar al compromiso y responsabilidad de la poblaci\u00f3n.<\/p>\n\n\n\n<p>Cabe recordar que en el Cabildo del municipio de Orizaba acord\u00f3 aplicar sanciones econ\u00f3micas a quienes incumplan dicha medida sanitaria, al considerarlo un acto de irresponsabilidad social.<\/p>\n\n\n\n<p>La funcionaria de Xalapa consider\u00f3 que es innecesario obligar a la poblaci\u00f3n, pues a su juicio, las personas son conscientes de la delicada situaci\u00f3n que persiste en materia de salud.<\/p>\n\n\n\n<p>\u201cCada quien tiene una responsabilidad, t\u00fa como ya lo padeciste debes de transmitirlo a los dem\u00e1s que lo tenemos que usar, no ser obligatorio, no lleguemos a esas extremidades\u201d, expres\u00f3.<\/p>\n\n\n\n<p>Tambi\u00e9n destac\u00f3 que continuar\u00e1n acciones para obsequiar cubrebocas, caretas y gel antibacterial en tianguis y mercados sobre ruedas.<\/p>\n\n\n\n<p>\u201cDos veces por semana lo vamos a estar implementando e invitarlos a que sigan usando las medidas que nos han venido dando tan buenos resultados, la sana distancia, el cubrebocas y el gel antibacterial\u201d, remat\u00f3 la Subdirectora de Salud.<\/p>\n","protected":false},"excerpt":{"rendered":"<p>Juan Arcos\u00a0 Xalapa, Ver.- El ayuntamiento de Xalapa no contempla sanciones contra quienes no usen cubrebocas en espacios p\u00fablicos, pese a la inminente cuarta ola de Sars-Cov2 (Covid-19). De acuerdo con la subdirectora de Salud municipal, Olga Isabel Alarc\u00f3n Ricardez, el alcalde Ricardo Ahued Bardahuil prefiere garantizar la libertad y apelar al compromiso y responsabilidad [&hellip;]<\/p>\n","protected":false},"author":1,"featured_media":22368,"comment_status":"open","ping_status":"open","sticky":false,"template":"","format":"standard","meta":{"_jetpack_memberships_contains_paid_content":false,"footnotes":""},"categories":[9],"tags":[],"class_list":["post-22367","post","type-post","status-publish","format-standard","has-post-thumbnail","hentry","category-salud"],"jetpack_featured_media_url":"https:\/\/encuentroinformativo.com.mx\/wp-content\/uploads\/2022\/01\/3A8CE9E6-9A23-4D16-A54B-C0C695483F19.jpeg","jetpack_sharing_enabled":true,"jetpack_likes_enabled":true,"amp_enabled":true,"_links":{"self":[{"href":"https:\/\/encuentroinformativo.com.mx\/index.php?rest_route=\/wp\/v2\/posts\/22367","targetHints":{"allow":["GET"]}}],"collection":[{"href":"https:\/\/encuentroinformativo.com.mx\/index.php?rest_route=\/wp\/v2\/posts"}],"about":[{"href":"https:\/\/encuentroinformativo.com.mx\/index.php?rest_route=\/wp\/v2\/types\/post"}],"author":[{"embeddable":true,"href":"https:\/\/encuentroinformativo.com.mx\/index.php?rest_route=\/wp\/v2\/users\/1"}],"replies":[{"embeddable":true,"href":"https:\/\/encuentroinformativo.com.mx\/index.php?rest_route=%2Fwp%2Fv2%2Fcomments&post=22367"}],"version-history":[{"count":1,"href":"https:\/\/encuentroinformativo.com.mx\/index.php?rest_route=\/wp\/v2\/posts\/22367\/revisions"}],"predecessor-version":[{"id":22369,"href":"https:\/\/encuentroinformativo.com.mx\/index.php?rest_route=\/wp\/v2\/posts\/22367\/revisions\/22369"}],"wp:featuredmedia":[{"embeddable":true,"href":"https:\/\/encuentroinformativo.com.mx\/index.php?rest_route=\/wp\/v2\/media\/22368"}],"wp:attachment":[{"href":"https:\/\/encuentroinformativo.com.mx\/index.php?rest_route=%2Fwp%2Fv2%2Fmedia&parent=22367"}],"wp:term":[{"taxonomy":"category","embeddable":true,"href":"https:\/\/encuentroinformativo.com.mx\/index.php?rest_route=%2Fwp%2Fv2%2Fcategories&post=22367"},{"taxonomy":"post_tag","embeddable":true,"href":"https:\/\/encuentroinformativo.com.mx\/index.php?rest_route=%2Fwp%2Fv2%2Ftags&post=22367"}],"curies":[{"name":"wp","href":"https:\/\/api.w.org\/{rel}","templated":true}]}}