{"id":22380,"date":"2022-01-18T09:08:16","date_gmt":"2022-01-18T15:08:16","guid":{"rendered":"https:\/\/encuentroinformativo.com.mx\/?p=22380"},"modified":"2022-01-18T09:08:19","modified_gmt":"2022-01-18T15:08:19","slug":"amlo-diputados-y-burocratas","status":"publish","type":"post","link":"https:\/\/encuentroinformativo.com.mx\/?p=22380","title":{"rendered":"AMLO, Diputados y bur\u00f3cratas"},"content":{"rendered":"\n<p><strong>Los Pol\u00edticos<\/strong><\/p>\n\n\n\n<p><strong>Salvador Mu\u00f1oz<\/strong><\/p>\n\n\n\n<p>Y volvi\u00f3\u2026 que no regres\u00f3\u2026 La primera reaparici\u00f3n de Andr\u00e9s Manuel L\u00f3pez Obrador en La Ma\u00f1anera, tras haber anunciado la semana pasada que iba a estar fuera de circulaci\u00f3n tras haber contra\u00eddo Covid, fue vista desde dos \u00e1ngulos:<\/p>\n\n\n\n<p>El primero, con el gusto de los morenos de ver a su l\u00edder moral listo, fuerte y sano para seguir al mando del tim\u00f3n de este barco llamado Titanic, digo: M\u00e9xico.<\/p>\n\n\n\n<p>El segundo, visto por quienes se podr\u00edan considerar los contra-AMLOs a quienes no les sorprendi\u00f3 su recuperaci\u00f3n porque consideran que a diferencia de millones de mexicanos que tienen que hacer filas enormes para que les hagan un estudio, \u00e9l tuvo todos los cuidados que un paciente com\u00fan y corriente quisiera tener.<\/p>\n\n\n\n<p>S\u00ed, cualquiera podr\u00eda decir que es el Presidente y en cualquier parte del Mundo, por el hecho de llevar la m\u00e1s alta responsabilidad que el Titanic le demanda, perd\u00f3n: que el Pa\u00eds le demanda, pues a fuerza que debe tener los mejores cuidados, as\u00ed hubiera surgido del PRI, PAN o del que usted quiera.<\/p>\n\n\n\n<p>Aunque tambi\u00e9n hay quienes dir\u00edan que entonces, para qu\u00e9 se la jalan con esos discursos de \u201cnosotros los pobres\u201d, \u201cpobres-pobres, pero honrados\u201d y \u201cpor el bien de todos, primero los pobres\u201d&#8230;<\/p>\n\n\n\n<p>Una molestia similar se vivi\u00f3 o vive en la burocracia estatal cuando se enteraron que la Sesi\u00f3n Legislativa de este martes se har\u00e1 de manera total en forma virtual, es decir, todos y cada uno de los diputados que conforman la LXVI Legislatura del estado de Veracruz, desde su casita (porque la pandemia lo demanda), estar\u00e1n haciendo lo que mejor saben hacer: pensar en todas las cosas que son mejor para nosotros\u2026<\/p>\n\n\n\n<p>\u00bfY en qu\u00e9 consiste la molestia de la burocracia estatal?<\/p>\n\n\n\n<p>\u00a1Ah! es que ellos s\u00ed est\u00e1n yendo a trabajar y si se sienten mal, pues tienen que hacerse una prueba de caj\u00f3n para ver si est\u00e1n \u201cagripedos\u201d o tienen Covid.<\/p>\n\n\n\n<p>Pero eso tampoco en s\u00ed es la esencia del malestar\u2026 el asunto es que la prueba para ver si son sujetos de incapacitaci\u00f3n o no, es costeada por el mismo empleado, que a ojo de buen cubero, una prueba de PCR que es la que demandan por su efectividad, viene saliendo en 950 pesitos la m\u00e1s barata y socorrida en \u00e1reas de Salud p\u00fablica, y en unos 2 mil 400 pesos en laboratorios privados.<\/p>\n\n\n\n<p>Entonces, la pregunta que se hacen los bur\u00f3cratas es que c\u00f3mo es posible que los diputados, desde su casita, s\u00ed puedan trabajar, pero ellos no\u2026<\/p>\n\n\n\n<p>Al igual que en el caso de AMLO hay dos \u00e1ngulos en que se ve esta situaci\u00f3n:<\/p>\n\n\n\n<p>El primero, es que se habla entre nueve y once diputados que contrajeron Covid, entre los que se cita a Juan Javier G\u00f3mez Cazar\u00edn, Ana Miriam Ferr\u00e1ez y Maleno Rosales\u2026 del resto, nada se sabe.<\/p>\n\n\n\n<p>Pero si es casi una decena de legisladores los enfermos, multipl\u00edquelos si anduvieron de la Ceca a la Meca en el Congreso con auxiliares, asesores y secretarias\u2026 de pandemia pasa a pandemonium!<\/p>\n\n\n\n<p>El segundo, hay quienes consideran que los diputados, nuestros diputados, si se enfermaron fue porque est\u00e1n cerca de su pueblo, de su gente, de la raza, y su trabajo los orilla a correr varios riesgos como contraer Covid \u00a1o hasta subir de peso! por eso se les permite una sesi\u00f3n virtual.<\/p>\n\n\n\n<p>En resumen, tenemos de regreso a un presidente fuerte y sano; a un Congreso, ni tan fuerte ni tan sano, pero trabajando; y a una burocracia que se truena los dedos porque en sus oficinas, nom\u00e1s ven c\u00f3mo el Covid hace de las suyas y enfermarse para ellos, es un lujo que dif\u00edcilmente pueden darse como el presidente o como un diputado.<\/p>\n\n\n\n<p><a href=\"mailto:smcainito@gmail.com\" target=\"_blank\" rel=\"noreferrer noopener\">smcainito@gmail.com<\/a><\/p>\n","protected":false},"excerpt":{"rendered":"<p>Los Pol\u00edticos Salvador Mu\u00f1oz Y volvi\u00f3\u2026 que no regres\u00f3\u2026 La primera reaparici\u00f3n de Andr\u00e9s Manuel L\u00f3pez Obrador en La Ma\u00f1anera, tras haber anunciado la semana pasada que iba a estar fuera de circulaci\u00f3n tras haber contra\u00eddo Covid, fue vista desde dos \u00e1ngulos: El primero, con el gusto de los morenos de ver a su l\u00edder [&hellip;]<\/p>\n","protected":false},"author":1,"featured_media":387,"comment_status":"open","ping_status":"open","sticky":false,"template":"","format":"standard","meta":{"_jetpack_memberships_contains_paid_content":false,"footnotes":""},"categories":[11],"tags":[],"class_list":["post-22380","post","type-post","status-publish","format-standard","has-post-thumbnail","hentry","category-opinion"],"jetpack_featured_media_url":"https:\/\/encuentroinformativo.com.mx\/wp-content\/uploads\/2020\/03\/7CF8A22B-2764-47BE-8F7F-38FE9E5D6A2F.jpeg","jetpack_sharing_enabled":true,"jetpack_likes_enabled":true,"amp_enabled":true,"_links":{"self":[{"href":"https:\/\/encuentroinformativo.com.mx\/index.php?rest_route=\/wp\/v2\/posts\/22380","targetHints":{"allow":["GET"]}}],"collection":[{"href":"https:\/\/encuentroinformativo.com.mx\/index.php?rest_route=\/wp\/v2\/posts"}],"about":[{"href":"https:\/\/encuentroinformativo.com.mx\/index.php?rest_route=\/wp\/v2\/types\/post"}],"author":[{"embeddable":true,"href":"https:\/\/encuentroinformativo.com.mx\/index.php?rest_route=\/wp\/v2\/users\/1"}],"replies":[{"embeddable":true,"href":"https:\/\/encuentroinformativo.com.mx\/index.php?rest_route=%2Fwp%2Fv2%2Fcomments&post=22380"}],"version-history":[{"count":1,"href":"https:\/\/encuentroinformativo.com.mx\/index.php?rest_route=\/wp\/v2\/posts\/22380\/revisions"}],"predecessor-version":[{"id":22381,"href":"https:\/\/encuentroinformativo.com.mx\/index.php?rest_route=\/wp\/v2\/posts\/22380\/revisions\/22381"}],"wp:featuredmedia":[{"embeddable":true,"href":"https:\/\/encuentroinformativo.com.mx\/index.php?rest_route=\/wp\/v2\/media\/387"}],"wp:attachment":[{"href":"https:\/\/encuentroinformativo.com.mx\/index.php?rest_route=%2Fwp%2Fv2%2Fmedia&parent=22380"}],"wp:term":[{"taxonomy":"category","embeddable":true,"href":"https:\/\/encuentroinformativo.com.mx\/index.php?rest_route=%2Fwp%2Fv2%2Fcategories&post=22380"},{"taxonomy":"post_tag","embeddable":true,"href":"https:\/\/encuentroinformativo.com.mx\/index.php?rest_route=%2Fwp%2Fv2%2Ftags&post=22380"}],"curies":[{"name":"wp","href":"https:\/\/api.w.org\/{rel}","templated":true}]}}