{"id":22399,"date":"2022-01-18T14:26:45","date_gmt":"2022-01-18T20:26:45","guid":{"rendered":"https:\/\/encuentroinformativo.com.mx\/?p=22399"},"modified":"2022-01-18T14:26:48","modified_gmt":"2022-01-18T20:26:48","slug":"en-palma-sola-acusan-a-jueza-de-presuntas-anomalias","status":"publish","type":"post","link":"https:\/\/encuentroinformativo.com.mx\/?p=22399","title":{"rendered":"En Palma Sola, acusan a jueza de presuntas anomal\u00edas"},"content":{"rendered":"\n<p><strong>Alejandro \u00c1vila<\/strong><\/p>\n\n\n\n<p>Veracruz, Ver.- La Jueza Erika Rivera Herrera vuelve a ser foco de atenci\u00f3n por una nueva irregularidad en su labor; en esta ocasi\u00f3n, la adscrita a la etapa de juicio del Juzgado de Responsabilidad Juvenil en el Estado de Veracruz en el distrito judicial de Palma Sola, violent\u00f3 los derechos de un joven al que mand\u00f3 a encarcelar por dos a\u00f1os.<\/p>\n\n\n\n<p>El joven identificado como Gabriel &#8220;N&#8221; (para resguardo de su verdadera identidad), fue acusado y procesado por el il\u00edcito de lesiones en perjuicio de una persona mayor de edad.<\/p>\n\n\n\n<p>Los hechos quedaron delimitados como lesiones que por su naturaleza no pusieron en peligro la vida de la agredido, situaci\u00f3n que aval\u00f3 el dictamen m\u00e9dico respectivo; y como corresponde en la materia de justicia juvenil, tal acci\u00f3n no ameritaba la imposici\u00f3n de la medida de sanci\u00f3n de reclusi\u00f3n.<\/p>\n\n\n\n<p>Turnado el asunto a la etapa de juicio, la jueza \u00c9rika Rivera Herrera, en contubernio con un Fiscal, violent\u00f3 los principios de igualdad procesal e imparcialidad que debe regir en todo proceso, cambi\u00f3 la acusaci\u00f3n en perjuicio del adolescente y sin justificaci\u00f3n legal alguna, decidi\u00f3 agravar el delito para el efecto de imponerle la sanci\u00f3n privativa de la libertad por dos a\u00f1os, sin que los hechos y la clasificaci\u00f3n original ameritaran tal condena.<\/p>\n\n\n\n<p>Cabe recordar que anteriormente ya habia sido acusada de otro mal procedimiento con un adolescente acusado de un delito grave, este lleg\u00f3 a la etapa de juicio con la medida cautelar de prisi\u00f3n preventiva por un lapso de cinco meses, que es el plazo m\u00e1ximo establecido para tal medida en la justicia para adolescentes.<\/p>\n\n\n\n<p>Vencido el ese t\u00e9rmino y por disposici\u00f3n de la misma normatividad, la jueza citada debi\u00f3 variar la medida para que el adolescente siguiera el juicio con diversa medida cautelar, pero en libertad.<\/p>\n\n\n\n<p>Sin embargo no sucedio as\u00ed, porque la Jueza \u00c9rika Rivera Herrera, en un abuso de autoridad, decidi\u00f3 prolongar la medida de privativa de libertad, a pesar de que no exist\u00eda justificaci\u00f3n legal para ello.<\/p>\n\n\n\n<p>Por si fuere poco, la situaci\u00f3n no solamente la viven los adolescentes, sino tambi\u00e9n el personal a su cargo, pues han se\u00f1alado que la jueza toma por encargo a uno de sus subordinados y de manera perversa busca que sean despedidos por el Consejo de la Judicatura, invent\u00e1ndoles cualquier falta o los acosa psicol\u00f3gicamente de tal manera que no les queda m\u00e1s que renunciar.<\/p>\n\n\n\n<p>Ella misma se jacta que hasta la presente fecha lleva m\u00e1s de quince personas que han estado bajo su mando y que por su intervenci\u00f3n han sido despedidos.&nbsp;<\/p>\n\n\n\n<p>La \u00faltima de sus v\u00edctimas que laboraba bajo sus \u00f3rdenes, tuvo que renunciar porque el acoso laboral a la que la someti\u00f3, le complic\u00f3 ciertos padecimientos que ya ten\u00eda, pues no solamente el acoso lo evidenci\u00f3 durante las horas de trabajo, sino que bajo argucias le fabric\u00f3 un falta administrativa y la denunci\u00f3 ante el Consejo de la Judicatura, para que injustamente la citada colaboradora fuera sancionada.<\/p>\n\n\n\n<p>El pasado 2 de julio de 2020, la togada fue acusada de haber resuelto el asunto penal de otro joven sin siquiera haber asistido a las audiencias y en octubre de 2019, la mam\u00e1 de un joven procesado dio a conocer tratos discriminatorios para dejarlo tras las rejas con dolo.<\/p>\n","protected":false},"excerpt":{"rendered":"<p>Alejandro \u00c1vila Veracruz, Ver.- La Jueza Erika Rivera Herrera vuelve a ser foco de atenci\u00f3n por una nueva irregularidad en su labor; en esta ocasi\u00f3n, la adscrita a la etapa de juicio del Juzgado de Responsabilidad Juvenil en el Estado de Veracruz en el distrito judicial de Palma Sola, violent\u00f3 los derechos de un joven [&hellip;]<\/p>\n","protected":false},"author":1,"featured_media":22400,"comment_status":"open","ping_status":"open","sticky":false,"template":"","format":"standard","meta":{"_jetpack_memberships_contains_paid_content":false,"footnotes":""},"categories":[2],"tags":[],"class_list":["post-22399","post","type-post","status-publish","format-standard","has-post-thumbnail","hentry","category-estado"],"jetpack_featured_media_url":"https:\/\/encuentroinformativo.com.mx\/wp-content\/uploads\/2022\/01\/7FA59F08-4743-4DAC-9BCA-417F37285AF8.jpeg","jetpack_sharing_enabled":true,"jetpack_likes_enabled":true,"amp_enabled":true,"_links":{"self":[{"href":"https:\/\/encuentroinformativo.com.mx\/index.php?rest_route=\/wp\/v2\/posts\/22399","targetHints":{"allow":["GET"]}}],"collection":[{"href":"https:\/\/encuentroinformativo.com.mx\/index.php?rest_route=\/wp\/v2\/posts"}],"about":[{"href":"https:\/\/encuentroinformativo.com.mx\/index.php?rest_route=\/wp\/v2\/types\/post"}],"author":[{"embeddable":true,"href":"https:\/\/encuentroinformativo.com.mx\/index.php?rest_route=\/wp\/v2\/users\/1"}],"replies":[{"embeddable":true,"href":"https:\/\/encuentroinformativo.com.mx\/index.php?rest_route=%2Fwp%2Fv2%2Fcomments&post=22399"}],"version-history":[{"count":1,"href":"https:\/\/encuentroinformativo.com.mx\/index.php?rest_route=\/wp\/v2\/posts\/22399\/revisions"}],"predecessor-version":[{"id":22401,"href":"https:\/\/encuentroinformativo.com.mx\/index.php?rest_route=\/wp\/v2\/posts\/22399\/revisions\/22401"}],"wp:featuredmedia":[{"embeddable":true,"href":"https:\/\/encuentroinformativo.com.mx\/index.php?rest_route=\/wp\/v2\/media\/22400"}],"wp:attachment":[{"href":"https:\/\/encuentroinformativo.com.mx\/index.php?rest_route=%2Fwp%2Fv2%2Fmedia&parent=22399"}],"wp:term":[{"taxonomy":"category","embeddable":true,"href":"https:\/\/encuentroinformativo.com.mx\/index.php?rest_route=%2Fwp%2Fv2%2Fcategories&post=22399"},{"taxonomy":"post_tag","embeddable":true,"href":"https:\/\/encuentroinformativo.com.mx\/index.php?rest_route=%2Fwp%2Fv2%2Ftags&post=22399"}],"curies":[{"name":"wp","href":"https:\/\/api.w.org\/{rel}","templated":true}]}}