{"id":22407,"date":"2022-01-18T16:43:51","date_gmt":"2022-01-18T22:43:51","guid":{"rendered":"https:\/\/encuentroinformativo.com.mx\/?p=22407"},"modified":"2022-01-18T16:43:55","modified_gmt":"2022-01-18T22:43:55","slug":"vecinos-culpan-a-pma-y-sedema-por-inundaciones-en-geo-villas-del-puerto","status":"publish","type":"post","link":"https:\/\/encuentroinformativo.com.mx\/?p=22407","title":{"rendered":"Vecinos culpan a PMA y SEDEMA por inundaciones en Geo Villas del Puerto"},"content":{"rendered":"\n<p><strong>Alejandro \u00c1vila<\/strong><\/p>\n\n\n\n<p>Veracruz, Ver.- La Procuradur\u00eda de Medio Ambiente (PMA) y la Secretar\u00eda de Medio Ambiente (SEDEMA), han sido omisos a las peticiones de los vecinos del fraccionamiento Geo Villas del Puerto, quienes desde hace a\u00f1os sufren de inundaciones debido al cierre de compuertas del vaso regulador que colinda con sus viviendas.<\/p>\n\n\n\n<p>V\u00edctor Reyes Dom\u00ednguez, Jefe de Manzana explic\u00f3 que en a\u00f1os anteriores en el vaso regulador manten\u00eda abierto los ductos donde desfogaba el agua de lluvia; sin embargo el due\u00f1o anterior del terreno cerr\u00f3 esas compuertas y desde hace a\u00f1os sufren de inundaciones severas en la zona.<\/p>\n\n\n\n<p>&#8220;Con acuerdo del propietario anterior, hubo platicas para reabrirlo, pero desafortunadamente fallecio el propietario, hay uno nuevo, que hasta ahorita no hemos podido tener platicas, retomarlas para darle seguimiento, entonces le vamos a dar seguimiento a trav\u00e9s del Ayuntamiento&#8221;, declar\u00f3.<\/p>\n\n\n\n<p>El vecino agreg\u00f3 que cerca del 30% del total de viviendas se ven afectadas con inundaciones tras la \u00e9poca de lluvias, y a pesar de haber acudido a la Secretar\u00eda de Medio Ambiente, estos los canalizaron con el Ayuntamiento de Veracruz.<\/p>\n\n\n\n<p>&#8220;Las principales &#8211; calles- son aqu\u00ed Veracruz Oeste, Potrero, Bulevar, y todas aleda\u00f1as son, porque aqu\u00ed es el agua que va directamente hacia all\u00e1, por el desnivel (\u2026) bueno, hay afectadas yo creo que aproximadamente un 30 por ciento, entendemos que hay aqu\u00ed como unas 4 mil &#8211; 5 mil familias viviendo (\u2026) s\u00ed, ya lo hicimos en Xalapa, en Ecolog\u00eda lo hicimos. La respuesta es que le tenemos que dar seguimiento a trav\u00e9s del Ayuntamiento&#8221;, mencion\u00f3.<\/p>\n\n\n\n<p>Ante esta situaci\u00f3n, este martes abordaron a la alcaldesa Patricia Lobeira Rodr\u00edguez, quien encabezaba un evento en el parque &#8220;El Honguito&#8221; y esta los canaliz\u00f3 con los directores de \u00e1rea correspondientes para solucionar su problema a la brevedad.<\/p>\n","protected":false},"excerpt":{"rendered":"<p>Alejandro \u00c1vila Veracruz, Ver.- La Procuradur\u00eda de Medio Ambiente (PMA) y la Secretar\u00eda de Medio Ambiente (SEDEMA), han sido omisos a las peticiones de los vecinos del fraccionamiento Geo Villas del Puerto, quienes desde hace a\u00f1os sufren de inundaciones debido al cierre de compuertas del vaso regulador que colinda con sus viviendas. V\u00edctor Reyes Dom\u00ednguez, [&hellip;]<\/p>\n","protected":false},"author":1,"featured_media":22408,"comment_status":"open","ping_status":"open","sticky":false,"template":"","format":"standard","meta":{"_jetpack_memberships_contains_paid_content":false,"footnotes":""},"categories":[2],"tags":[],"class_list":["post-22407","post","type-post","status-publish","format-standard","has-post-thumbnail","hentry","category-estado"],"jetpack_featured_media_url":"https:\/\/encuentroinformativo.com.mx\/wp-content\/uploads\/2022\/01\/6DB88DB5-5BB0-4F04-A03F-346766FB89B1.jpeg","jetpack_sharing_enabled":true,"jetpack_likes_enabled":true,"amp_enabled":true,"_links":{"self":[{"href":"https:\/\/encuentroinformativo.com.mx\/index.php?rest_route=\/wp\/v2\/posts\/22407","targetHints":{"allow":["GET"]}}],"collection":[{"href":"https:\/\/encuentroinformativo.com.mx\/index.php?rest_route=\/wp\/v2\/posts"}],"about":[{"href":"https:\/\/encuentroinformativo.com.mx\/index.php?rest_route=\/wp\/v2\/types\/post"}],"author":[{"embeddable":true,"href":"https:\/\/encuentroinformativo.com.mx\/index.php?rest_route=\/wp\/v2\/users\/1"}],"replies":[{"embeddable":true,"href":"https:\/\/encuentroinformativo.com.mx\/index.php?rest_route=%2Fwp%2Fv2%2Fcomments&post=22407"}],"version-history":[{"count":1,"href":"https:\/\/encuentroinformativo.com.mx\/index.php?rest_route=\/wp\/v2\/posts\/22407\/revisions"}],"predecessor-version":[{"id":22409,"href":"https:\/\/encuentroinformativo.com.mx\/index.php?rest_route=\/wp\/v2\/posts\/22407\/revisions\/22409"}],"wp:featuredmedia":[{"embeddable":true,"href":"https:\/\/encuentroinformativo.com.mx\/index.php?rest_route=\/wp\/v2\/media\/22408"}],"wp:attachment":[{"href":"https:\/\/encuentroinformativo.com.mx\/index.php?rest_route=%2Fwp%2Fv2%2Fmedia&parent=22407"}],"wp:term":[{"taxonomy":"category","embeddable":true,"href":"https:\/\/encuentroinformativo.com.mx\/index.php?rest_route=%2Fwp%2Fv2%2Fcategories&post=22407"},{"taxonomy":"post_tag","embeddable":true,"href":"https:\/\/encuentroinformativo.com.mx\/index.php?rest_route=%2Fwp%2Fv2%2Ftags&post=22407"}],"curies":[{"name":"wp","href":"https:\/\/api.w.org\/{rel}","templated":true}]}}