{"id":22417,"date":"2022-01-18T22:11:34","date_gmt":"2022-01-19T04:11:34","guid":{"rendered":"https:\/\/encuentroinformativo.com.mx\/?p=22417"},"modified":"2022-01-18T22:11:38","modified_gmt":"2022-01-19T04:11:38","slug":"comparecencias-de-organismos-autonomos-seran-en-el-recinto-oficial-de-sesiones","status":"publish","type":"post","link":"https:\/\/encuentroinformativo.com.mx\/?p=22417","title":{"rendered":"Comparecencias de organismos aut\u00f3nomos ser\u00e1n en el Recinto Oficial de Sesiones"},"content":{"rendered":"\n<p>Xalapa, Ver.-  A propuesta de la Junta de Coordinaci\u00f3n Pol\u00edtica de esta LXVI Legislatura del Estado, el Pleno aprob\u00f3 el cambio de la sede donde se realizar\u00e1n las comparecencias de los organismos aut\u00f3nomos ante esta Soberan\u00eda, pasando del auditorio Sebasti\u00e1n Lerdo de Tejada al Recinto Oficial de Sesiones, en el Palacio Legislativo, por ser un espacio m\u00e1s amplio que re\u00fane las condiciones id\u00f3neas para un mejor ejercicio de rendici\u00f3n de cuentas.<\/p>\n\n\n\n<p>El Acuerdo refiere que esta medida se adopta con la finalidad de prevenir contagios del virus SARS-CoV-2 causante de la enfermedad Covid-19, para lo cual se implementar\u00e1n los protocolos de higiene dictadas por la autoridad sanitaria.<\/p>\n\n\n\n<p>El calendario de comparecencias permanece sin cambios, por lo que la Fiscal\u00eda General del Estado (FGE) se presentar\u00e1 el 24 de enero a las 11:00 horas ante la Comisi\u00f3n Permanente de Procuraci\u00f3n de Justicia.<\/p>\n\n\n\n<p>El \u00d3rgano de Fiscalizaci\u00f3n Superior del Estado (Orfis) acudir\u00e1 el d\u00eda 25 a las 11:00 ante la Comisi\u00f3n Permanente de Vigilancia.<\/p>\n\n\n\n<p>La Comisi\u00f3n Estatal de Derechos Humanos (CEDH) har\u00e1 lo propio el 26 de enero a las 10:00 horas ante la Comisi\u00f3n Permanente de Derechos Humanos y Atenci\u00f3n a Grupos Vulnerables, y el Instituto Veracruzano de Acceso a la Informaci\u00f3n y Protecci\u00f3n de Datos Personales (IVAI) acudir\u00e1 este mismo d\u00eda a las 17:00 ante la Comisi\u00f3n Permanente de Transparencia, Acceso a la Informaci\u00f3n y Parlamento Abierto.<\/p>\n\n\n\n<p>Por \u00faltimo, la Comisi\u00f3n Estatal para la Atenci\u00f3n y Protecci\u00f3n de Periodistas (Ceapp) comparecer\u00e1 el 27 de enero, a las 11:00 horas, ante la Comisi\u00f3n Permanente para la Atenci\u00f3n y Protecci\u00f3n de Periodistas.<\/p>\n","protected":false},"excerpt":{"rendered":"<p>Xalapa, Ver.- A propuesta de la Junta de Coordinaci\u00f3n Pol\u00edtica de esta LXVI Legislatura del Estado, el Pleno aprob\u00f3 el cambio de la sede donde se realizar\u00e1n las comparecencias de los organismos aut\u00f3nomos ante esta Soberan\u00eda, pasando del auditorio Sebasti\u00e1n Lerdo de Tejada al Recinto Oficial de Sesiones, en el Palacio Legislativo, por ser un [&hellip;]<\/p>\n","protected":false},"author":1,"featured_media":22418,"comment_status":"open","ping_status":"open","sticky":false,"template":"","format":"standard","meta":{"_jetpack_memberships_contains_paid_content":false,"footnotes":""},"categories":[2],"tags":[],"class_list":["post-22417","post","type-post","status-publish","format-standard","has-post-thumbnail","hentry","category-estado"],"jetpack_featured_media_url":"https:\/\/encuentroinformativo.com.mx\/wp-content\/uploads\/2022\/01\/CC828EC3-E524-44C4-8A42-DDF34CBF2AF2.jpeg","jetpack_sharing_enabled":true,"jetpack_likes_enabled":true,"amp_enabled":true,"_links":{"self":[{"href":"https:\/\/encuentroinformativo.com.mx\/index.php?rest_route=\/wp\/v2\/posts\/22417","targetHints":{"allow":["GET"]}}],"collection":[{"href":"https:\/\/encuentroinformativo.com.mx\/index.php?rest_route=\/wp\/v2\/posts"}],"about":[{"href":"https:\/\/encuentroinformativo.com.mx\/index.php?rest_route=\/wp\/v2\/types\/post"}],"author":[{"embeddable":true,"href":"https:\/\/encuentroinformativo.com.mx\/index.php?rest_route=\/wp\/v2\/users\/1"}],"replies":[{"embeddable":true,"href":"https:\/\/encuentroinformativo.com.mx\/index.php?rest_route=%2Fwp%2Fv2%2Fcomments&post=22417"}],"version-history":[{"count":1,"href":"https:\/\/encuentroinformativo.com.mx\/index.php?rest_route=\/wp\/v2\/posts\/22417\/revisions"}],"predecessor-version":[{"id":22419,"href":"https:\/\/encuentroinformativo.com.mx\/index.php?rest_route=\/wp\/v2\/posts\/22417\/revisions\/22419"}],"wp:featuredmedia":[{"embeddable":true,"href":"https:\/\/encuentroinformativo.com.mx\/index.php?rest_route=\/wp\/v2\/media\/22418"}],"wp:attachment":[{"href":"https:\/\/encuentroinformativo.com.mx\/index.php?rest_route=%2Fwp%2Fv2%2Fmedia&parent=22417"}],"wp:term":[{"taxonomy":"category","embeddable":true,"href":"https:\/\/encuentroinformativo.com.mx\/index.php?rest_route=%2Fwp%2Fv2%2Fcategories&post=22417"},{"taxonomy":"post_tag","embeddable":true,"href":"https:\/\/encuentroinformativo.com.mx\/index.php?rest_route=%2Fwp%2Fv2%2Ftags&post=22417"}],"curies":[{"name":"wp","href":"https:\/\/api.w.org\/{rel}","templated":true}]}}