{"id":22420,"date":"2022-01-19T09:12:01","date_gmt":"2022-01-19T15:12:01","guid":{"rendered":"https:\/\/encuentroinformativo.com.mx\/?p=22420"},"modified":"2022-01-19T09:12:05","modified_gmt":"2022-01-19T15:12:05","slug":"una-bendicion-para-los-regios","status":"publish","type":"post","link":"https:\/\/encuentroinformativo.com.mx\/?p=22420","title":{"rendered":"\u00a1Una bendici\u00f3n para los regios!"},"content":{"rendered":"\n<p><strong>Los Pol\u00edticos<\/strong><\/p>\n\n\n\n<p><strong>Salvador Mu\u00f1oz<\/strong><\/p>\n\n\n\n<p>Sigo sin entender d\u00f3nde est\u00e1 el chiste de Samuel Garc\u00eda y Mariana Rodr\u00edguez con su \u201cadopci\u00f3n de fin de semana\u201d de un beb\u00e9 de cinco o seis meses.<\/p>\n\n\n\n<p>Si bien siempre he reconocido el talento de la regia en el manejo de las redes sociales, creo que en esta ocasi\u00f3n, se sali\u00f3 de control lo que parece ser \u201cuna buena intenci\u00f3n\u201d que es seguro que debe haberla, pero sigo buscando y rebuscando y nom\u00e1s no le hallo la curvatura.<\/p>\n\n\n\n<p>Ahora que si retomo la habilidad de Mariana para vender su imagen en las redes sociales, me ver\u00eda demasiado cruel ubicarla a ella y Samuel como mercaderes de un beb\u00e9 que bien puede darles muchos \u201cLikes\u201d a su Instagram y Facebook. As\u00ed, la pretendida \u201cbuena intenci\u00f3n\u201d que busco de este par de regiomontanos de \u201cadoptar\u201d un beb\u00e9 por un fin de semana pasar\u00eda por aviesa\u2026<\/p>\n\n\n\n<p>Si bien, la Ley regia permite algo llamado como \u201cConvivencia Familiar\u201d \u00e9sta se da entre parientes y por supuesto que ni Samuel ni Mariana lo son del peque\u00f1o.<\/p>\n\n\n\n<p>A ello agregue que el Beb\u00e9 tiene una malformaci\u00f3n (esquizencefalia) lo que una persona con oscuros pensamientos como el que escribe, podr\u00eda pensar en generar la compasi\u00f3n en los internautas para con el peque\u00f1o y a la vez, la admiraci\u00f3n para los \u201cpap\u00e1s de fin de semana\u201d.<\/p>\n\n\n\n<p>Afortunadamente no todos son como el que escribe, y en las redes celebraron este noble gesto de la pareja norte\u00f1a y hasta hubo quienes les desearon que se animaran pronto por una bendici\u00f3n\u2026<\/p>\n\n\n\n<p>As\u00ed, a ojo de buen cubero, sinceramente, no creo que est\u00e9n preparados para tener un bodoque aunque siendo francos, nadie parece que lo est\u00e1 para asumir tremendo papelazo que significa ser pap\u00e1 y mam\u00e1\u2026<\/p>\n\n\n\n<p>Ahora que si quieren seguir entrenando en esa modalidad, ac\u00e1 en Veracruz tenemos una \u201cBendici\u00f3n\u201d que bien podr\u00eda darles muchos likes a sus cuentas de redes sociales\u2026<\/p>\n\n\n\n<p><a href=\"mailto:smcainito@gmail.com\" target=\"_blank\" rel=\"noreferrer noopener\">smcainito@gmail.com<\/a><\/p>\n","protected":false},"excerpt":{"rendered":"<p>Los Pol\u00edticos Salvador Mu\u00f1oz Sigo sin entender d\u00f3nde est\u00e1 el chiste de Samuel Garc\u00eda y Mariana Rodr\u00edguez con su \u201cadopci\u00f3n de fin de semana\u201d de un beb\u00e9 de cinco o seis meses. Si bien siempre he reconocido el talento de la regia en el manejo de las redes sociales, creo que en esta ocasi\u00f3n, se [&hellip;]<\/p>\n","protected":false},"author":1,"featured_media":387,"comment_status":"open","ping_status":"open","sticky":false,"template":"","format":"standard","meta":{"_jetpack_memberships_contains_paid_content":false,"footnotes":""},"categories":[11],"tags":[],"class_list":["post-22420","post","type-post","status-publish","format-standard","has-post-thumbnail","hentry","category-opinion"],"jetpack_featured_media_url":"https:\/\/encuentroinformativo.com.mx\/wp-content\/uploads\/2020\/03\/7CF8A22B-2764-47BE-8F7F-38FE9E5D6A2F.jpeg","jetpack_sharing_enabled":true,"jetpack_likes_enabled":true,"amp_enabled":true,"_links":{"self":[{"href":"https:\/\/encuentroinformativo.com.mx\/index.php?rest_route=\/wp\/v2\/posts\/22420","targetHints":{"allow":["GET"]}}],"collection":[{"href":"https:\/\/encuentroinformativo.com.mx\/index.php?rest_route=\/wp\/v2\/posts"}],"about":[{"href":"https:\/\/encuentroinformativo.com.mx\/index.php?rest_route=\/wp\/v2\/types\/post"}],"author":[{"embeddable":true,"href":"https:\/\/encuentroinformativo.com.mx\/index.php?rest_route=\/wp\/v2\/users\/1"}],"replies":[{"embeddable":true,"href":"https:\/\/encuentroinformativo.com.mx\/index.php?rest_route=%2Fwp%2Fv2%2Fcomments&post=22420"}],"version-history":[{"count":1,"href":"https:\/\/encuentroinformativo.com.mx\/index.php?rest_route=\/wp\/v2\/posts\/22420\/revisions"}],"predecessor-version":[{"id":22421,"href":"https:\/\/encuentroinformativo.com.mx\/index.php?rest_route=\/wp\/v2\/posts\/22420\/revisions\/22421"}],"wp:featuredmedia":[{"embeddable":true,"href":"https:\/\/encuentroinformativo.com.mx\/index.php?rest_route=\/wp\/v2\/media\/387"}],"wp:attachment":[{"href":"https:\/\/encuentroinformativo.com.mx\/index.php?rest_route=%2Fwp%2Fv2%2Fmedia&parent=22420"}],"wp:term":[{"taxonomy":"category","embeddable":true,"href":"https:\/\/encuentroinformativo.com.mx\/index.php?rest_route=%2Fwp%2Fv2%2Fcategories&post=22420"},{"taxonomy":"post_tag","embeddable":true,"href":"https:\/\/encuentroinformativo.com.mx\/index.php?rest_route=%2Fwp%2Fv2%2Ftags&post=22420"}],"curies":[{"name":"wp","href":"https:\/\/api.w.org\/{rel}","templated":true}]}}