{"id":22422,"date":"2022-01-19T09:18:35","date_gmt":"2022-01-19T15:18:35","guid":{"rendered":"https:\/\/encuentroinformativo.com.mx\/?p=22422"},"modified":"2022-01-19T09:18:39","modified_gmt":"2022-01-19T15:18:39","slug":"tev-declara-ilegal-triunfo-de-federico-salomon-en-el-pan","status":"publish","type":"post","link":"https:\/\/encuentroinformativo.com.mx\/?p=22422","title":{"rendered":"TEV declara ilegal triunfo de Federico Salom\u00f3n en el PAN"},"content":{"rendered":"\n<p><strong>Juan Arcos <\/strong><\/p>\n\n\n\n<p>Xalapa, Ver.- El martes 18 de enero del 2022, el Tribunal Electoral del Estado de Veracruz (TEV) dictamin\u00f3 que fue \u201cilegal\u201d la sustituci\u00f3n de Tito Delf\u00edn Cano por Federico Salom\u00f3n Molina en la candidatura durante la elecci\u00f3n interna para la renovaci\u00f3n de la dirigencia del Partido Acci\u00f3n Nacional (PAN) en Veracruz.<\/p>\n\n\n\n<p>El TEV resolvi\u00f3 el juicio para la protecci\u00f3n de los derechos pol\u00edticos electorales identificado como TEV- JDC-689\/2021, promovido por Joaqu\u00edn Guzm\u00e1n Avil\u00e9s, quien pretend\u00eda reelegirse como presidente del Comit\u00e9 Directivo Estatal (CDE) del PAN.<\/p>\n\n\n\n<p>Con lo anterior, se revoca la resoluci\u00f3n de la comisi\u00f3n de justicia identificada como CJ\/JIN\/412\/2021, en la que se confirma la ilegalidad por parte de la comisi\u00f3n permanente del Consejo Nacional del PAN al sustituir de forma indebida la candidatura del Tito Delf\u00edn Cano, quien fue detenido despu\u00e9s de un mitin pol\u00edtico.<\/p>\n\n\n\n<p>Cabe recordar que Delf\u00edn Cano fue arrestado el pasado s\u00e1bado 27 de noviembre por su presunta responsabilidad en los delitos de abuso de autoridad, incumplimiento de un deber legal y fraude.<\/p>\n\n\n\n<p>Guzm\u00e1n Avil\u00e9s ha declarado que deb\u00eda haberle quedado el camino libre en la contienda interna tras la detenci\u00f3n de su contrincante; sin embargo, se design\u00f3 a un sustituto, violentando as\u00ed los estatutos del partido.<\/p>\n\n\n\n<p>En ese sentido, la resoluci\u00f3n del TEV se\u00f1ala que la comisi\u00f3n de justicia deber\u00e1 volver a pronunciarse, valorando y estudiando de fondo todos los agravios presentados por Joaqu\u00edn Guzm\u00e1n, ya que no se estimaron los agravios debidamente, haciendo las siguientes observaciones de cada agravio:<\/p>\n\n\n\n<p>Primero.-Deber\u00e1 fundamentar y motivar su respuesta de este agravio.<br>Segundo.- Deber\u00e1 verificar si la comisi\u00f3n permanente cumpli\u00f3 con los requisitos para hacer uso de lo no previsto en la convocatoria.<br>Tercero.- Deber\u00e1 verificar si la comisi\u00f3n permanente no viol\u00f3 el art\u00edculo 15 de la convocatoria.<br>Cuarto.- Deber\u00e1 notificar correctamente en el domicilio se\u00f1alado, ya que lo omiti\u00f3 en la primera resoluci\u00f3n.<\/p>\n\n\n\n<p>Guzm\u00e1n Avil\u00e9s sentenci\u00f3 que agotar\u00e1 todas las instancias para defender la legalidad de este proceso.<\/p>\n\n\n\n<p>\u201cYa lo hemos dicho y hoy lo reiteramos, nuestra planilla enfrent\u00f3 muchas irregularidades en esta elecci\u00f3n y seguiremos de pie porque son miles de personas, en cientos de municipios del Estado, las que conf\u00edan, apoyan y nos acompa\u00f1an en esta exigencia\u201d, declar\u00f3.<\/p>\n","protected":false},"excerpt":{"rendered":"<p>Juan Arcos Xalapa, Ver.- El martes 18 de enero del 2022, el Tribunal Electoral del Estado de Veracruz (TEV) dictamin\u00f3 que fue \u201cilegal\u201d la sustituci\u00f3n de Tito Delf\u00edn Cano por Federico Salom\u00f3n Molina en la candidatura durante la elecci\u00f3n interna para la renovaci\u00f3n de la dirigencia del Partido Acci\u00f3n Nacional (PAN) en Veracruz. El TEV [&hellip;]<\/p>\n","protected":false},"author":1,"featured_media":22423,"comment_status":"open","ping_status":"open","sticky":false,"template":"","format":"standard","meta":{"_jetpack_memberships_contains_paid_content":false,"footnotes":""},"categories":[2],"tags":[],"class_list":["post-22422","post","type-post","status-publish","format-standard","has-post-thumbnail","hentry","category-estado"],"jetpack_featured_media_url":"https:\/\/encuentroinformativo.com.mx\/wp-content\/uploads\/2022\/01\/AD4B0AC4-2F5B-4250-B3EE-66D66CA841AF.jpeg","jetpack_sharing_enabled":true,"jetpack_likes_enabled":true,"amp_enabled":true,"_links":{"self":[{"href":"https:\/\/encuentroinformativo.com.mx\/index.php?rest_route=\/wp\/v2\/posts\/22422","targetHints":{"allow":["GET"]}}],"collection":[{"href":"https:\/\/encuentroinformativo.com.mx\/index.php?rest_route=\/wp\/v2\/posts"}],"about":[{"href":"https:\/\/encuentroinformativo.com.mx\/index.php?rest_route=\/wp\/v2\/types\/post"}],"author":[{"embeddable":true,"href":"https:\/\/encuentroinformativo.com.mx\/index.php?rest_route=\/wp\/v2\/users\/1"}],"replies":[{"embeddable":true,"href":"https:\/\/encuentroinformativo.com.mx\/index.php?rest_route=%2Fwp%2Fv2%2Fcomments&post=22422"}],"version-history":[{"count":1,"href":"https:\/\/encuentroinformativo.com.mx\/index.php?rest_route=\/wp\/v2\/posts\/22422\/revisions"}],"predecessor-version":[{"id":22424,"href":"https:\/\/encuentroinformativo.com.mx\/index.php?rest_route=\/wp\/v2\/posts\/22422\/revisions\/22424"}],"wp:featuredmedia":[{"embeddable":true,"href":"https:\/\/encuentroinformativo.com.mx\/index.php?rest_route=\/wp\/v2\/media\/22423"}],"wp:attachment":[{"href":"https:\/\/encuentroinformativo.com.mx\/index.php?rest_route=%2Fwp%2Fv2%2Fmedia&parent=22422"}],"wp:term":[{"taxonomy":"category","embeddable":true,"href":"https:\/\/encuentroinformativo.com.mx\/index.php?rest_route=%2Fwp%2Fv2%2Fcategories&post=22422"},{"taxonomy":"post_tag","embeddable":true,"href":"https:\/\/encuentroinformativo.com.mx\/index.php?rest_route=%2Fwp%2Fv2%2Ftags&post=22422"}],"curies":[{"name":"wp","href":"https:\/\/api.w.org\/{rel}","templated":true}]}}