{"id":22441,"date":"2022-01-19T13:44:36","date_gmt":"2022-01-19T19:44:36","guid":{"rendered":"https:\/\/encuentroinformativo.com.mx\/?p=22441"},"modified":"2022-01-19T13:44:40","modified_gmt":"2022-01-19T19:44:40","slug":"pc-pide-responsabilidada-visitantes-al-cofre-de-perote","status":"publish","type":"post","link":"https:\/\/encuentroinformativo.com.mx\/?p=22441","title":{"rendered":"PC pide \u2018responsabilidad\u2019a visitantes al Cofre de Perote"},"content":{"rendered":"\n<p><strong>Dar\u00edo Pale<\/strong><\/p>\n\n\n\n<p>Xalapa, Ver.- La Secretaria de Protecci\u00f3n Civil de Veracruz Guadalupe Osorno Maldonado dio a conocer que con las nevadas muchas persona suben al cofre de Perote donde a algunas les da el &#8220;mal de monta\u00f1a&#8221;, al igual que una persona result\u00f3 extraviada.<\/p>\n\n\n\n<p>En entrevista hizo un llamado a los ciudadanos que suben al cofre de Perote a disfrutar de la nieve para que sean responsables y que acaten las recomendaciones para evitar cualquier incidente.<\/p>\n\n\n\n<p>Dijo que, ante las bajas temperaturas y las condiciones en las que se encuentra la zona se tiene el registro de personas que les ha dado \u201cmal de monta\u00f1a\u201d e incluso se ha tenido el reporte de una persona desaparecida.<\/p>\n\n\n\n<p>La funcionaria estatal expuso que, mantienen un operativo con las unidades de Protecci\u00f3n Civil Local para poder auxiliar a los visitantes, \u201cno estamos propiciando la visita\u201d.<\/p>\n\n\n\n<p>\u201cParticularmente el tema del mal de monta\u00f1a, podr\u00eda complicarse, afortunadamente no tenemos ning\u00fan caso que se complique, porque reportan mareos, dolores de cabeza y es gente que se ha tenido que bajar, y menores que han presentado esas situaciones\u201d, se\u00f1al\u00f3.<\/p>\n\n\n\n<p>Finalmente Osorno Maldonado, hizo el llamado para que las y los ciudadanos que desean subir a la monta\u00f1a lo hagan de forma responsable, siendo conscientes de su salud ya que es un cambio importante de altitud.<\/p>\n","protected":false},"excerpt":{"rendered":"<p>Dar\u00edo Pale Xalapa, Ver.- La Secretaria de Protecci\u00f3n Civil de Veracruz Guadalupe Osorno Maldonado dio a conocer que con las nevadas muchas persona suben al cofre de Perote donde a algunas les da el &#8220;mal de monta\u00f1a&#8221;, al igual que una persona result\u00f3 extraviada. En entrevista hizo un llamado a los ciudadanos que suben al [&hellip;]<\/p>\n","protected":false},"author":1,"featured_media":22442,"comment_status":"open","ping_status":"open","sticky":false,"template":"","format":"standard","meta":{"_jetpack_memberships_contains_paid_content":false,"footnotes":""},"categories":[8],"tags":[],"class_list":["post-22441","post","type-post","status-publish","format-standard","has-post-thumbnail","hentry","category-region"],"jetpack_featured_media_url":"https:\/\/encuentroinformativo.com.mx\/wp-content\/uploads\/2022\/01\/FBFD3AA8-46D8-48C1-9D23-075181BA91E3.jpeg","jetpack_sharing_enabled":true,"jetpack_likes_enabled":true,"amp_enabled":true,"_links":{"self":[{"href":"https:\/\/encuentroinformativo.com.mx\/index.php?rest_route=\/wp\/v2\/posts\/22441","targetHints":{"allow":["GET"]}}],"collection":[{"href":"https:\/\/encuentroinformativo.com.mx\/index.php?rest_route=\/wp\/v2\/posts"}],"about":[{"href":"https:\/\/encuentroinformativo.com.mx\/index.php?rest_route=\/wp\/v2\/types\/post"}],"author":[{"embeddable":true,"href":"https:\/\/encuentroinformativo.com.mx\/index.php?rest_route=\/wp\/v2\/users\/1"}],"replies":[{"embeddable":true,"href":"https:\/\/encuentroinformativo.com.mx\/index.php?rest_route=%2Fwp%2Fv2%2Fcomments&post=22441"}],"version-history":[{"count":1,"href":"https:\/\/encuentroinformativo.com.mx\/index.php?rest_route=\/wp\/v2\/posts\/22441\/revisions"}],"predecessor-version":[{"id":22443,"href":"https:\/\/encuentroinformativo.com.mx\/index.php?rest_route=\/wp\/v2\/posts\/22441\/revisions\/22443"}],"wp:featuredmedia":[{"embeddable":true,"href":"https:\/\/encuentroinformativo.com.mx\/index.php?rest_route=\/wp\/v2\/media\/22442"}],"wp:attachment":[{"href":"https:\/\/encuentroinformativo.com.mx\/index.php?rest_route=%2Fwp%2Fv2%2Fmedia&parent=22441"}],"wp:term":[{"taxonomy":"category","embeddable":true,"href":"https:\/\/encuentroinformativo.com.mx\/index.php?rest_route=%2Fwp%2Fv2%2Fcategories&post=22441"},{"taxonomy":"post_tag","embeddable":true,"href":"https:\/\/encuentroinformativo.com.mx\/index.php?rest_route=%2Fwp%2Fv2%2Ftags&post=22441"}],"curies":[{"name":"wp","href":"https:\/\/api.w.org\/{rel}","templated":true}]}}