{"id":22444,"date":"2022-01-19T13:54:27","date_gmt":"2022-01-19T19:54:27","guid":{"rendered":"https:\/\/encuentroinformativo.com.mx\/?p=22444"},"modified":"2022-01-19T13:54:30","modified_gmt":"2022-01-19T19:54:30","slug":"realizaran-exposicion-colectiva-xalaparte-2022","status":"publish","type":"post","link":"https:\/\/encuentroinformativo.com.mx\/?p=22444","title":{"rendered":"Realizar\u00e1n Exposici\u00f3n colectiva XalapArte 2022"},"content":{"rendered":"\n<p><strong>*Se trata de una muestra de 54 obras pict\u00f3ricas de distintos artistas y estilos<\/strong>.<\/p>\n\n\n\n<p>Xalapa, Ver.- Como parte del compromiso de impulso y cercan\u00eda del presidente municipal Ricardo Ahued Bardahuil con la comunidad art\u00edstica, este viernes a las 19:00 horas se inaugura la exposici\u00f3n colectiva XalapArte 2022, en el Centro Recreativo Xalape\u00f1o (CRX).<\/p>\n\n\n\n<p>La encargada del \u00e1rea de Cultura del Ayuntamiento, Karla Montano Rocher, detall\u00f3 que se trata de una muestra de 54 obras producto del trabajo de 12 artistas, mismas que durante 20 d\u00edas permanecer\u00e1n en las salas 1 y 2 del CRX. Adem\u00e1s, tras el acto de inauguraci\u00f3n se tendr\u00e1 un espect\u00e1culo de fandango a cargo del Grupo Higueras y del Taller de Son Jarocho de Culturaama.<\/p>\n\n\n\n<p>De acuerdo con la funcionaria, el arte es una forma de humanizar, por lo que aun en este contexto de pandemia, el Ayuntamiento trabaja en la organizaci\u00f3n de un calendario y plan de actividades para dar espacios de difusi\u00f3n a un amplio grupo de artistas locales o relacionados con el municipio.<\/p>\n\n\n\n<p>Explic\u00f3 que con esta exposici\u00f3n se reinician las actividades art\u00edsticas y culturales en un recinto como el CRX, que cuenta con el suficiente espacio y ventilaci\u00f3n para desarrollar eventos con respeto a las medidas sanitarias dispuestas para prevenir la propagaci\u00f3n del Coronavirus SARS-CoV-2.<\/p>\n\n\n\n<p>Dio a conocer que posterior a esta muestra, se tiene preparada una exposici\u00f3n de pintoras xalape\u00f1as alusiva al D\u00eda Internacional de la Mujer.<\/p>\n\n\n\n<p>El artista pl\u00e1stico Marco Antonio Garc\u00e9s Veneroso manifest\u00f3 que quienes acudan a esta exhibici\u00f3n encontrar\u00e1n obra pict\u00f3rica dedicada a h\u00e9roes nacionales, a las ra\u00edces mexicanas, pintura abstracta y muestras de las diferentes formas de ver la cultura veracruzana.<\/p>\n\n\n\n<p>Esto, a trav\u00e9s de la obra de artistas como Lorena Bonilla, In\u00e9s Barreda, Carlos Cano, Salvador L\u00f3pez, Lenny Hern\u00e1ndez y Hugo Curiel e hijos.<\/p>\n\n\n\n<p>Adem\u00e1s, reconoci\u00f3 el apoyo del Ayuntamiento y consider\u00f3 que esta nueva administraci\u00f3n tendr\u00e1 total apertura para la comunidad art\u00edstica.<\/p>\n","protected":false},"excerpt":{"rendered":"<p>*Se trata de una muestra de 54 obras pict\u00f3ricas de distintos artistas y estilos. Xalapa, Ver.- Como parte del compromiso de impulso y cercan\u00eda del presidente municipal Ricardo Ahued Bardahuil con la comunidad art\u00edstica, este viernes a las 19:00 horas se inaugura la exposici\u00f3n colectiva XalapArte 2022, en el Centro Recreativo Xalape\u00f1o (CRX). La encargada [&hellip;]<\/p>\n","protected":false},"author":1,"featured_media":22445,"comment_status":"open","ping_status":"open","sticky":false,"template":"","format":"standard","meta":{"_jetpack_memberships_contains_paid_content":false,"footnotes":""},"categories":[3],"tags":[],"class_list":["post-22444","post","type-post","status-publish","format-standard","has-post-thumbnail","hentry","category-xalapa"],"jetpack_featured_media_url":"https:\/\/encuentroinformativo.com.mx\/wp-content\/uploads\/2022\/01\/22CB9287-947A-4C20-8484-70D9279DA07D.jpeg","jetpack_sharing_enabled":true,"jetpack_likes_enabled":true,"amp_enabled":true,"_links":{"self":[{"href":"https:\/\/encuentroinformativo.com.mx\/index.php?rest_route=\/wp\/v2\/posts\/22444","targetHints":{"allow":["GET"]}}],"collection":[{"href":"https:\/\/encuentroinformativo.com.mx\/index.php?rest_route=\/wp\/v2\/posts"}],"about":[{"href":"https:\/\/encuentroinformativo.com.mx\/index.php?rest_route=\/wp\/v2\/types\/post"}],"author":[{"embeddable":true,"href":"https:\/\/encuentroinformativo.com.mx\/index.php?rest_route=\/wp\/v2\/users\/1"}],"replies":[{"embeddable":true,"href":"https:\/\/encuentroinformativo.com.mx\/index.php?rest_route=%2Fwp%2Fv2%2Fcomments&post=22444"}],"version-history":[{"count":1,"href":"https:\/\/encuentroinformativo.com.mx\/index.php?rest_route=\/wp\/v2\/posts\/22444\/revisions"}],"predecessor-version":[{"id":22446,"href":"https:\/\/encuentroinformativo.com.mx\/index.php?rest_route=\/wp\/v2\/posts\/22444\/revisions\/22446"}],"wp:featuredmedia":[{"embeddable":true,"href":"https:\/\/encuentroinformativo.com.mx\/index.php?rest_route=\/wp\/v2\/media\/22445"}],"wp:attachment":[{"href":"https:\/\/encuentroinformativo.com.mx\/index.php?rest_route=%2Fwp%2Fv2%2Fmedia&parent=22444"}],"wp:term":[{"taxonomy":"category","embeddable":true,"href":"https:\/\/encuentroinformativo.com.mx\/index.php?rest_route=%2Fwp%2Fv2%2Fcategories&post=22444"},{"taxonomy":"post_tag","embeddable":true,"href":"https:\/\/encuentroinformativo.com.mx\/index.php?rest_route=%2Fwp%2Fv2%2Ftags&post=22444"}],"curies":[{"name":"wp","href":"https:\/\/api.w.org\/{rel}","templated":true}]}}