{"id":2245,"date":"2020-05-01T12:58:10","date_gmt":"2020-05-01T17:58:10","guid":{"rendered":"https:\/\/encuentroinformativo.com\/?p=2245"},"modified":"2020-05-01T12:58:12","modified_gmt":"2020-05-01T17:58:12","slug":"cafetaleros-piden-efectuar-censo-real-para-recibir-apoyos","status":"publish","type":"post","link":"https:\/\/encuentroinformativo.com.mx\/?p=2245","title":{"rendered":"Cafetaleros piden efectuar censo real para recibir apoyos"},"content":{"rendered":"\n<p><strong>Dar\u00edo Pale <\/strong><\/p>\n\n\n\n<p>Xalapa, Ver.- El productor de caf\u00e9 Juan Rom\u00e1n dio a conocer que hace falta un censo real para conocer qui\u00e9nes son realmente los cafetaleros y de esta manera dirigir los apoyos a quienes realmente se dedican a la producci\u00f3n del arom\u00e1tico.<\/p>\n\n\n\n<p>En conferencia de prensa realizada en conocido caf\u00e9 del centro \u00a0de Xalapa dio a conocer que &#8220;eso le falta al Gobierno, poner orden porque el censo cafetalero tiene muchas irregularidades&#8221;.<\/p>\n\n\n\n<p>Por lo anterior los peque\u00f1os productores de caf\u00e9 desconocen s\u00ed ser\u00e1n considerados en la creaci\u00f3n del Instituto Mexicano del Caf\u00e9 (Inmecaf\u00e9) en Veracruz porque los dirigentes de las diversas organizaciones es a quienes consideran para hacer planes de trabajo y decidir sobre las acciones a realizarse.<\/p>\n\n\n\n<p>&#8220;Hay una propuesta de que se pudiese llegar a tener el Inmecaf\u00e9 y claro que ser\u00eda muy bueno. Deber\u00edamos de ver c\u00f3mo le vamos a dar forma para el servicio de los peque\u00f1os productores&#8221;, indic\u00f3.<\/p>\n\n\n\n<p>La propuesta est\u00e1 hecha desde que inici\u00f3 la actual administraci\u00f3n estatal, fechas en que se les prometi\u00f3 que este proyecto ser\u00eda una manera de apoyar a los cafetaleros de la regi\u00f3n capital para agilizar ventas, as\u00ed como mejorar calidad de las cosechas entre otros beneficios econ\u00f3micos.<\/p>\n\n\n\n<p>\u00c9l en representaci\u00f3n de los cafetaleros, indic\u00f3 que es urgente que los gobiernos estatal y federal pongan en marcha el proyecto.<\/p>\n\n\n\n<p>&#8220;Se hacen foros y est\u00e1n los l\u00edderes, pero s\u00f3lo es para gastar dinero y no sirven para hacer an\u00e1lisis y salgan buenos resultados y hasta la fecha no hay nada&#8221;, finaliz\u00f3.<\/p>\n\n\n\n<p><\/p>\n","protected":false},"excerpt":{"rendered":"<p>Dar\u00edo Pale Xalapa, Ver.- El productor de caf\u00e9 Juan Rom\u00e1n dio a conocer que hace falta un censo real para conocer qui\u00e9nes son realmente los cafetaleros y de esta manera dirigir los apoyos a quienes realmente se dedican a la producci\u00f3n del arom\u00e1tico. En conferencia de prensa realizada en conocido caf\u00e9 del centro \u00a0de Xalapa [&hellip;]<\/p>\n","protected":false},"author":1,"featured_media":2246,"comment_status":"open","ping_status":"open","sticky":false,"template":"","format":"standard","meta":{"_jetpack_memberships_contains_paid_content":false,"footnotes":""},"categories":[3],"tags":[],"class_list":["post-2245","post","type-post","status-publish","format-standard","has-post-thumbnail","hentry","category-xalapa"],"jetpack_featured_media_url":"https:\/\/encuentroinformativo.com.mx\/wp-content\/uploads\/2020\/05\/B20D7EA7-5366-41D6-8A79-77B10581A1D6.jpeg","jetpack_sharing_enabled":true,"jetpack_likes_enabled":true,"amp_enabled":true,"_links":{"self":[{"href":"https:\/\/encuentroinformativo.com.mx\/index.php?rest_route=\/wp\/v2\/posts\/2245","targetHints":{"allow":["GET"]}}],"collection":[{"href":"https:\/\/encuentroinformativo.com.mx\/index.php?rest_route=\/wp\/v2\/posts"}],"about":[{"href":"https:\/\/encuentroinformativo.com.mx\/index.php?rest_route=\/wp\/v2\/types\/post"}],"author":[{"embeddable":true,"href":"https:\/\/encuentroinformativo.com.mx\/index.php?rest_route=\/wp\/v2\/users\/1"}],"replies":[{"embeddable":true,"href":"https:\/\/encuentroinformativo.com.mx\/index.php?rest_route=%2Fwp%2Fv2%2Fcomments&post=2245"}],"version-history":[{"count":1,"href":"https:\/\/encuentroinformativo.com.mx\/index.php?rest_route=\/wp\/v2\/posts\/2245\/revisions"}],"predecessor-version":[{"id":2247,"href":"https:\/\/encuentroinformativo.com.mx\/index.php?rest_route=\/wp\/v2\/posts\/2245\/revisions\/2247"}],"wp:featuredmedia":[{"embeddable":true,"href":"https:\/\/encuentroinformativo.com.mx\/index.php?rest_route=\/wp\/v2\/media\/2246"}],"wp:attachment":[{"href":"https:\/\/encuentroinformativo.com.mx\/index.php?rest_route=%2Fwp%2Fv2%2Fmedia&parent=2245"}],"wp:term":[{"taxonomy":"category","embeddable":true,"href":"https:\/\/encuentroinformativo.com.mx\/index.php?rest_route=%2Fwp%2Fv2%2Fcategories&post=2245"},{"taxonomy":"post_tag","embeddable":true,"href":"https:\/\/encuentroinformativo.com.mx\/index.php?rest_route=%2Fwp%2Fv2%2Ftags&post=2245"}],"curies":[{"name":"wp","href":"https:\/\/api.w.org\/{rel}","templated":true}]}}