{"id":22454,"date":"2022-01-19T15:09:44","date_gmt":"2022-01-19T21:09:44","guid":{"rendered":"https:\/\/encuentroinformativo.com.mx\/?p=22454"},"modified":"2022-01-19T15:09:48","modified_gmt":"2022-01-19T21:09:48","slug":"uv-reanudara-clases-de-forma-hibrida","status":"publish","type":"post","link":"https:\/\/encuentroinformativo.com.mx\/?p=22454","title":{"rendered":"UV reanudar\u00e1 clases de forma h\u00edbrida"},"content":{"rendered":"\n<p><strong>Dar\u00edo Pale<\/strong><\/p>\n\n\n\n<p>Xalapa, Ver.- El regreso a clases en la Universidad Veracruzana (UV) ser\u00e1 de manera presencial, \u00a0escalonado, h\u00edbrido, mixto y en l\u00ednea y cada entidad acad\u00e9mica defini\u00f3 diferentes modalidades.<\/p>\n\n\n\n<p>Por medio de un comunicado se dio a conocer que cada entidad acad\u00e9mica defini\u00f3 las diferentes modalidades de impartici\u00f3n de su oferta de experiencias educativas, es decir, presencial, h\u00edbrida\/mixta, virtual, y en l\u00ednea, considerando las caracter\u00edsticas de su organizaci\u00f3n interna.<\/p>\n\n\n\n<p>De manera que se deber\u00e1 tomar en cuenta el trabajo colegiado de las academias, un analisis de los resultados de la segunda encuesta aplicada a los alumnos de los diferentes niveles educativos y modalidades.<\/p>\n\n\n\n<p>De igual forma, se deber\u00e1 identificar la infraestructura f\u00edsica disponible, llevar a cabo una revisi\u00f3n de la programaci\u00f3n acad\u00e9mica, con la posibilidad de gesti\u00f3n de atenci\u00f3n a la oferta emergente a trav\u00e9s de la ampliaci\u00f3n de banco de horas.<\/p>\n\n\n\n<p>La UV dio a conocer que durante el proceso de inscripci\u00f3n en l\u00ednea, que es del 17 al 21 de enero, la comunidad estudiantil puede identificar la modalidad en la que cada experiencia educativa ha sido configurada y podr\u00e1 visualizar la conformaci\u00f3n de su horario de clases.<\/p>\n\n\n\n<p>La casa de estudios refiri\u00f3 que del 17 al 21 de enero se lleva a cabo la aplicaci\u00f3n de la vacuna de refuerzo contra la Covid-19, dirigida al personal que labora en el sector educativo.<\/p>\n\n\n\n<p>Asimismo, que las autoridades, funcionarios, personal de confianza, eventual, as\u00ed como administrativo, t\u00e9cnico y manual, realizan labores de manera presencial con las medidas de autocuidado y preventivas pertinentes.<\/p>\n\n\n\n<p>Tambi\u00e9n que el registro de asistencia inherente a la actividad principal de los docentes, investigadores ejecutantes, t\u00e9cnicos acad\u00e9micos y acad\u00e9micos-instructores, ser\u00e1 determinado por los titulares de las entidades acad\u00e9micas, reportando las incidencias de contagios a la direcci\u00f3n general de Recursos Humanos.<\/p>\n\n\n\n<p>Para este regreso presencial, la UV inform\u00f3 que se permitir\u00e1 hasta un 75 por ciento de aforo en las Unidades de Servicios Bibliotecarios y de Informaci\u00f3n (USBI).<\/p>\n\n\n\n<p>Mientras que el aforo en los eventos culturales, art\u00edsticos y deportivos, se permitir\u00e1 hasta en un 60 por ciento en espacios cerrados y hasta un 75 por ciento en espacios abiertos.\u00a0<br>Finamente, que los calendarios escolares por nivel educativo y modalidad est\u00e1n disponible. en\u00a0<a rel=\"noreferrer noopener\" href=\"https:\/\/www.uv.mx\/estudiantes\/calendarios-escolares\/\" target=\"_blank\">https:\/\/www.uv.mx\/estudiantes\/calendarios-escolares\/<\/a><\/p>\n","protected":false},"excerpt":{"rendered":"<p>Dar\u00edo Pale Xalapa, Ver.- El regreso a clases en la Universidad Veracruzana (UV) ser\u00e1 de manera presencial, \u00a0escalonado, h\u00edbrido, mixto y en l\u00ednea y cada entidad acad\u00e9mica defini\u00f3 diferentes modalidades. Por medio de un comunicado se dio a conocer que cada entidad acad\u00e9mica defini\u00f3 las diferentes modalidades de impartici\u00f3n de su oferta de experiencias educativas, [&hellip;]<\/p>\n","protected":false},"author":1,"featured_media":22455,"comment_status":"open","ping_status":"open","sticky":false,"template":"","format":"standard","meta":{"_jetpack_memberships_contains_paid_content":false,"footnotes":""},"categories":[2],"tags":[],"class_list":["post-22454","post","type-post","status-publish","format-standard","has-post-thumbnail","hentry","category-estado"],"jetpack_featured_media_url":"https:\/\/encuentroinformativo.com.mx\/wp-content\/uploads\/2022\/01\/9EE08D54-4563-4D90-80BA-27D96AA38F9E.jpeg","jetpack_sharing_enabled":true,"jetpack_likes_enabled":true,"amp_enabled":true,"_links":{"self":[{"href":"https:\/\/encuentroinformativo.com.mx\/index.php?rest_route=\/wp\/v2\/posts\/22454","targetHints":{"allow":["GET"]}}],"collection":[{"href":"https:\/\/encuentroinformativo.com.mx\/index.php?rest_route=\/wp\/v2\/posts"}],"about":[{"href":"https:\/\/encuentroinformativo.com.mx\/index.php?rest_route=\/wp\/v2\/types\/post"}],"author":[{"embeddable":true,"href":"https:\/\/encuentroinformativo.com.mx\/index.php?rest_route=\/wp\/v2\/users\/1"}],"replies":[{"embeddable":true,"href":"https:\/\/encuentroinformativo.com.mx\/index.php?rest_route=%2Fwp%2Fv2%2Fcomments&post=22454"}],"version-history":[{"count":1,"href":"https:\/\/encuentroinformativo.com.mx\/index.php?rest_route=\/wp\/v2\/posts\/22454\/revisions"}],"predecessor-version":[{"id":22456,"href":"https:\/\/encuentroinformativo.com.mx\/index.php?rest_route=\/wp\/v2\/posts\/22454\/revisions\/22456"}],"wp:featuredmedia":[{"embeddable":true,"href":"https:\/\/encuentroinformativo.com.mx\/index.php?rest_route=\/wp\/v2\/media\/22455"}],"wp:attachment":[{"href":"https:\/\/encuentroinformativo.com.mx\/index.php?rest_route=%2Fwp%2Fv2%2Fmedia&parent=22454"}],"wp:term":[{"taxonomy":"category","embeddable":true,"href":"https:\/\/encuentroinformativo.com.mx\/index.php?rest_route=%2Fwp%2Fv2%2Fcategories&post=22454"},{"taxonomy":"post_tag","embeddable":true,"href":"https:\/\/encuentroinformativo.com.mx\/index.php?rest_route=%2Fwp%2Fv2%2Ftags&post=22454"}],"curies":[{"name":"wp","href":"https:\/\/api.w.org\/{rel}","templated":true}]}}