{"id":22463,"date":"2022-01-19T16:44:41","date_gmt":"2022-01-19T22:44:41","guid":{"rendered":"https:\/\/encuentroinformativo.com.mx\/?p=22463"},"modified":"2022-01-19T16:44:45","modified_gmt":"2022-01-19T22:44:45","slug":"en-alvarado-aseguran-a-334-migrantes","status":"publish","type":"post","link":"https:\/\/encuentroinformativo.com.mx\/?p=22463","title":{"rendered":"En Alvarado, aseguran a 334 migrantes"},"content":{"rendered":"\n<p><strong>Alejandro \u00c1vila<\/strong><\/p>\n\n\n\n<p>Alvarado, Ver.- En la localidad de Arbolillo perteneciente al municipio de Alvarado, la Polic\u00eda Estatal logr\u00f3 rescatar a 334 migrantes que eran transportados en un tr\u00e1iler reportado como robado; de la misma manera lograron liberar el conductor de la unidad, qui\u00e9n habr\u00eda sido privado de su libertad por sujetos armados.<\/p>\n\n\n\n<p>Durante un recorrido preventivo sobre la carretera 180 a la altura de la localidad de Arbolillo, los elementos de la Secretar\u00eda de Seguridad P\u00fablica detectaron un tr\u00e1iler perteneciente a la empresa &#8220;Potosino&#8221; placas 58DN7W, iba custodiado por dos camionetas con personas armadas; al realizar el reporte dieron cuenta que el veh\u00edculo contaba con reporte de robo por lo cual procedieron a darle seguimiento.<\/p>\n\n\n\n<p>Al percatarse las camionetas que eran seguidas huyeron del lugar, mientras los efectivos procedieron a revisar el tr\u00e1iler y fue el conductor que les comento que hab\u00eda sido privado ilegalmente de su libertad por hombres armados, qui\u00e9nes le forzaron a conducir a un lote bald\u00edo d\u00f3nde fue atado de pies y manos, y vendado de los ojos, para posteriormente amenazarlo y obligarlo a conducir al destino que ellos deseaban.<\/p>\n\n\n\n<p>Al verificar la caja del tr\u00e1iler, localizaron 334 personas migrantes, quienes fueron trasladados a las instalaciones del C5i, para brindarles servicio m\u00e9dico y alimenticio; posteriormente fueron puestos a disposici\u00f3n del Instituto Nacional de Migraci\u00f3n.<\/p>\n\n\n\n<p>Cabe mencionar que se mantiene un operativo de seguridad en la zona, para dar con los presuntos agresores.<\/p>\n","protected":false},"excerpt":{"rendered":"<p>Alejandro \u00c1vila Alvarado, Ver.- En la localidad de Arbolillo perteneciente al municipio de Alvarado, la Polic\u00eda Estatal logr\u00f3 rescatar a 334 migrantes que eran transportados en un tr\u00e1iler reportado como robado; de la misma manera lograron liberar el conductor de la unidad, qui\u00e9n habr\u00eda sido privado de su libertad por sujetos armados. Durante un recorrido [&hellip;]<\/p>\n","protected":false},"author":1,"featured_media":22464,"comment_status":"open","ping_status":"open","sticky":false,"template":"","format":"standard","meta":{"_jetpack_memberships_contains_paid_content":false,"footnotes":""},"categories":[2],"tags":[],"class_list":["post-22463","post","type-post","status-publish","format-standard","has-post-thumbnail","hentry","category-estado"],"jetpack_featured_media_url":"https:\/\/encuentroinformativo.com.mx\/wp-content\/uploads\/2022\/01\/02BBDF5B-4EA0-437D-939B-D967B65C4996.jpeg","jetpack_sharing_enabled":true,"jetpack_likes_enabled":true,"amp_enabled":true,"_links":{"self":[{"href":"https:\/\/encuentroinformativo.com.mx\/index.php?rest_route=\/wp\/v2\/posts\/22463","targetHints":{"allow":["GET"]}}],"collection":[{"href":"https:\/\/encuentroinformativo.com.mx\/index.php?rest_route=\/wp\/v2\/posts"}],"about":[{"href":"https:\/\/encuentroinformativo.com.mx\/index.php?rest_route=\/wp\/v2\/types\/post"}],"author":[{"embeddable":true,"href":"https:\/\/encuentroinformativo.com.mx\/index.php?rest_route=\/wp\/v2\/users\/1"}],"replies":[{"embeddable":true,"href":"https:\/\/encuentroinformativo.com.mx\/index.php?rest_route=%2Fwp%2Fv2%2Fcomments&post=22463"}],"version-history":[{"count":1,"href":"https:\/\/encuentroinformativo.com.mx\/index.php?rest_route=\/wp\/v2\/posts\/22463\/revisions"}],"predecessor-version":[{"id":22465,"href":"https:\/\/encuentroinformativo.com.mx\/index.php?rest_route=\/wp\/v2\/posts\/22463\/revisions\/22465"}],"wp:featuredmedia":[{"embeddable":true,"href":"https:\/\/encuentroinformativo.com.mx\/index.php?rest_route=\/wp\/v2\/media\/22464"}],"wp:attachment":[{"href":"https:\/\/encuentroinformativo.com.mx\/index.php?rest_route=%2Fwp%2Fv2%2Fmedia&parent=22463"}],"wp:term":[{"taxonomy":"category","embeddable":true,"href":"https:\/\/encuentroinformativo.com.mx\/index.php?rest_route=%2Fwp%2Fv2%2Fcategories&post=22463"},{"taxonomy":"post_tag","embeddable":true,"href":"https:\/\/encuentroinformativo.com.mx\/index.php?rest_route=%2Fwp%2Fv2%2Ftags&post=22463"}],"curies":[{"name":"wp","href":"https:\/\/api.w.org\/{rel}","templated":true}]}}