{"id":22472,"date":"2022-01-20T09:17:07","date_gmt":"2022-01-20T15:17:07","guid":{"rendered":"https:\/\/encuentroinformativo.com.mx\/?p=22472"},"modified":"2022-01-20T09:17:11","modified_gmt":"2022-01-20T15:17:11","slug":"el-impulso-del-acoso","status":"publish","type":"post","link":"https:\/\/encuentroinformativo.com.mx\/?p=22472","title":{"rendered":"El impulso del acoso"},"content":{"rendered":"\n<p><strong>Los Pol\u00edticos<\/strong><\/p>\n\n\n\n<p><strong>Salvador Mu\u00f1oz<\/strong><\/p>\n\n\n\n<p>En un vistazo en las redes sociales, me encontr\u00e9 con un comentario del abogado Luis Paz Mor\u00e1n, quien platica lo siguiente:&nbsp;<\/p>\n\n\n\n<p>\u201cEn mi actuaci\u00f3n profesional, tuve un cliente que estaba detenido en la entonces oficina del Ministerio P\u00fablico, y le pregunt\u00e9:<\/p>\n\n\n\n<p>\u2013Si tienes en tu casa m\u00e1s de veinte bicicletas que no puedes vender, \u00bfpara qu\u00e9 sigues robando m\u00e1s?<\/p>\n\n\n\n<p>Y de manera incre\u00edble o cre\u00edble que contesta:<br>\u2013No lo s\u00e9, pero cada vez que veo la oportunidad, algo me impulsa a robarla pese a que mi familia me rega\u00f1a y mi madre hasta me da de tablazos\u2026\u201d<\/p>\n\n\n\n<p>La historia del abogado de Trabajadores, Mujeres en Problemas Familiares y de Empresarios con Problemas Fiscales (as\u00ed se anuncia), me record\u00f3 hace poco una pregunta de la Mujer:<\/p>\n\n\n\n<p>\u2013\u00bfSer\u00e1 una enfermedad el acoso?<\/p>\n\n\n\n<p>\u2013\u00bfA qu\u00e9 viene la pregunta?\u2013 le respond\u00ed y entonces me dijo que era por el tema de Pedro Salmer\u00f3n, \u201ccandidato\u201d del Presidente L\u00f3pez Obrador a ocupar la embajada de M\u00e9xico en Panam\u00e1 y quien en 2019, fue expuesto por alumnas del ITAM, por acoso sexual.<\/p>\n\n\n\n<p>A mi juicio, le dije, quien acosa es porque siente o ejerce de un modo u otro, poder sobre su v\u00edctima o bien, abusa de la jerarqu\u00eda concedida.<\/p>\n\n\n\n<p>Por otro lado, cuando hay se\u00f1alamientos contra el depredador y \u00e9ste es reiterativo en su comportamiento, es porque hay solapamiento, hay protecci\u00f3n, se siente cobijado, hay de cierto modo, complicidad por el silencio ante el acto\u2026 en pocas palabras, hay de todo, menos castigo\u2026 Para ser m\u00e1s claros: hasta donde hemos visto en este gobierno de Cuarta y en otros anteriores: el machismo no se sanciona, se premia o se protege.<\/p>\n\n\n\n<p>En la secretar\u00eda de Gobierno, donde hubo serios se\u00f1alamientos de este tipo de comportamiento (en el que ya me puso a pensar la Mujer si s\u00f3lo tendr\u00e1 injerencia en la seguridad \u2013porque est\u00e1 tipificado\u2013 o raya igual en la salud mental del depredador) es fecha en la que no se sabe qu\u00e9 pas\u00f3 con la v\u00edctima, si tuvo un final feliz la valent\u00eda de denunciar v\u00eda la diputada Anil\u00fa Ingram, o la pesadilla contin\u00faa.<\/p>\n\n\n\n<p>Por cierto, d\u00e9jeme terminar el comentario del abogado Luis Paz Mor\u00e1n sobre ese cliente que era dominado por sus impulsos para robar.<\/p>\n\n\n\n<p>Recuerde que su familia le pon\u00eda rega\u00f1izas y la autora de sus d\u00edas le daba tablazos\u2026 pues el abogado concluye su historia diciendo que \u201cdespu\u00e9s de tanto y tanto tiempo, \u00a1ahora es un buen oficial electricista! \u00bfQu\u00e9 pasar\u00e1 en esas mentes?\u201d<\/p>\n\n\n\n<p>No es que sea, pero pareciera entonces que para que se controlen \u201clos impulsos\u201d de un acosador, es necesario que haya \u201ctablazos\u201d, traducidos \u00e9stos en sanci\u00f3n, en castigo, en la aplicaci\u00f3n de la Ley, y si bien es seguro que haya casos donde se haya \u201cajusticiado\u201d a un depredador, al menos esa sensaci\u00f3n de vac\u00edo que deja un F\u00e9lix Salgado Macedonio, un Pedro Salmer\u00f3n o una secretar\u00eda de Gobierno en Veracruz, abre una percepci\u00f3n de que el acosador sigue teniendo manga ancha para darle rienda a sus impulsos cada vez que la oportunidad se presente\u2026<\/p>\n\n\n\n<p><a href=\"mailto:smcainito@gmail.com\" target=\"_blank\" rel=\"noreferrer noopener\">smcainito@gmail.com<\/a><\/p>\n","protected":false},"excerpt":{"rendered":"<p>Los Pol\u00edticos Salvador Mu\u00f1oz En un vistazo en las redes sociales, me encontr\u00e9 con un comentario del abogado Luis Paz Mor\u00e1n, quien platica lo siguiente:&nbsp; \u201cEn mi actuaci\u00f3n profesional, tuve un cliente que estaba detenido en la entonces oficina del Ministerio P\u00fablico, y le pregunt\u00e9: \u2013Si tienes en tu casa m\u00e1s de veinte bicicletas que [&hellip;]<\/p>\n","protected":false},"author":1,"featured_media":387,"comment_status":"open","ping_status":"open","sticky":false,"template":"","format":"standard","meta":{"_jetpack_memberships_contains_paid_content":false,"footnotes":""},"categories":[11],"tags":[],"class_list":["post-22472","post","type-post","status-publish","format-standard","has-post-thumbnail","hentry","category-opinion"],"jetpack_featured_media_url":"https:\/\/encuentroinformativo.com.mx\/wp-content\/uploads\/2020\/03\/7CF8A22B-2764-47BE-8F7F-38FE9E5D6A2F.jpeg","jetpack_sharing_enabled":true,"jetpack_likes_enabled":true,"amp_enabled":true,"_links":{"self":[{"href":"https:\/\/encuentroinformativo.com.mx\/index.php?rest_route=\/wp\/v2\/posts\/22472","targetHints":{"allow":["GET"]}}],"collection":[{"href":"https:\/\/encuentroinformativo.com.mx\/index.php?rest_route=\/wp\/v2\/posts"}],"about":[{"href":"https:\/\/encuentroinformativo.com.mx\/index.php?rest_route=\/wp\/v2\/types\/post"}],"author":[{"embeddable":true,"href":"https:\/\/encuentroinformativo.com.mx\/index.php?rest_route=\/wp\/v2\/users\/1"}],"replies":[{"embeddable":true,"href":"https:\/\/encuentroinformativo.com.mx\/index.php?rest_route=%2Fwp%2Fv2%2Fcomments&post=22472"}],"version-history":[{"count":1,"href":"https:\/\/encuentroinformativo.com.mx\/index.php?rest_route=\/wp\/v2\/posts\/22472\/revisions"}],"predecessor-version":[{"id":22473,"href":"https:\/\/encuentroinformativo.com.mx\/index.php?rest_route=\/wp\/v2\/posts\/22472\/revisions\/22473"}],"wp:featuredmedia":[{"embeddable":true,"href":"https:\/\/encuentroinformativo.com.mx\/index.php?rest_route=\/wp\/v2\/media\/387"}],"wp:attachment":[{"href":"https:\/\/encuentroinformativo.com.mx\/index.php?rest_route=%2Fwp%2Fv2%2Fmedia&parent=22472"}],"wp:term":[{"taxonomy":"category","embeddable":true,"href":"https:\/\/encuentroinformativo.com.mx\/index.php?rest_route=%2Fwp%2Fv2%2Fcategories&post=22472"},{"taxonomy":"post_tag","embeddable":true,"href":"https:\/\/encuentroinformativo.com.mx\/index.php?rest_route=%2Fwp%2Fv2%2Ftags&post=22472"}],"curies":[{"name":"wp","href":"https:\/\/api.w.org\/{rel}","templated":true}]}}