{"id":22483,"date":"2022-01-20T12:23:20","date_gmt":"2022-01-20T18:23:20","guid":{"rendered":"https:\/\/encuentroinformativo.com.mx\/?p=22483"},"modified":"2022-01-20T12:23:24","modified_gmt":"2022-01-20T18:23:24","slug":"acusan-a-franelero-de-dejar-sin-luz-a-comercios","status":"publish","type":"post","link":"https:\/\/encuentroinformativo.com.mx\/?p=22483","title":{"rendered":"Acusan a \u2018franelero\u2019 de dejar sin luz a comercios"},"content":{"rendered":"\n<p><strong>Alejandro \u00c1vila<\/strong><\/p>\n\n\n\n<p>Veracruz, Ver.- Vecinos del callej\u00f3n Tlapacoyan en el Centro Hist\u00f3rico, y due\u00f1os de comercios aleda\u00f1os, denunciaron la falta de luz este martes por la noche, debido a la rabieta de un franelero, qui\u00e9n bajo el switch del transformador, da\u00f1andoles as\u00ed varios aparatos el\u00e9ctricos.<\/p>\n\n\n\n<p>Al menos 14 espacios, entre comercios y viviendas, sufrieron del corte de luz a partir de las 8 de la noche de este martes, pues el franelero, presuntamente bajo los influjos de una droga, baj\u00f3 el switch del transformador y dej\u00f3 sin energ\u00eda el\u00e9ctrica a diversas personas.<\/p>\n\n\n\n<p>Los afectados se\u00f1alan qu\u00e9 el franelero violento el candado del cub\u00edculo que pertenece a la Comisi\u00f3n Federal de Electricidad (CFE), y lo termin\u00f3nusando como vivienda, pues por las noches saca un colch\u00f3n del lugar, al tiempo que a su antojo durante el d\u00eda, lo utiliza como ba\u00f1o p\u00fablico.<\/p>\n\n\n\n<p>Este no es el primer altercado que sostienen vecinos y due\u00f1os de comercios con el franelero de la calle Aquiles Serd\u00e1n, pues por las noches ha tenido diversos roces con personas al grado de llegar a los golpes, pues se dirige de manera soez sobre las mujeres e incluso en varias ocasiones ha sido denunciado por las mujeres de acoso.<\/p>\n\n\n\n<p>Los quejosos solicitan en primera instancia la intervenci\u00f3n de la Comisi\u00f3n Federal de Electricidad para que puedan cerrar el cub\u00edculo de su propiedad, y de esta manera no volver a sufrir un corte de luz; adem\u00e1s piden a la CFE qu\u00e9 interponga una denuncia encontra del franelero por violentar un espacio federal.<\/p>\n\n\n\n<p>De la misma manera piden a la Secretar\u00eda de Seguridad P\u00fablica y Polic\u00eda Naval, supervisen el accionar de este sujeto por las noches, pues en constantes ocasiones falta el respeto a las mujeres e intenta tocarlas.<\/p>\n","protected":false},"excerpt":{"rendered":"<p>Alejandro \u00c1vila Veracruz, Ver.- Vecinos del callej\u00f3n Tlapacoyan en el Centro Hist\u00f3rico, y due\u00f1os de comercios aleda\u00f1os, denunciaron la falta de luz este martes por la noche, debido a la rabieta de un franelero, qui\u00e9n bajo el switch del transformador, da\u00f1andoles as\u00ed varios aparatos el\u00e9ctricos. Al menos 14 espacios, entre comercios y viviendas, sufrieron del [&hellip;]<\/p>\n","protected":false},"author":1,"featured_media":22484,"comment_status":"open","ping_status":"open","sticky":false,"template":"","format":"standard","meta":{"_jetpack_memberships_contains_paid_content":false,"footnotes":""},"categories":[2],"tags":[],"class_list":["post-22483","post","type-post","status-publish","format-standard","has-post-thumbnail","hentry","category-estado"],"jetpack_featured_media_url":"https:\/\/encuentroinformativo.com.mx\/wp-content\/uploads\/2022\/01\/F6FC6F9D-7126-4E5F-8475-E1E1C43CC56F.jpeg","jetpack_sharing_enabled":true,"jetpack_likes_enabled":true,"amp_enabled":true,"_links":{"self":[{"href":"https:\/\/encuentroinformativo.com.mx\/index.php?rest_route=\/wp\/v2\/posts\/22483","targetHints":{"allow":["GET"]}}],"collection":[{"href":"https:\/\/encuentroinformativo.com.mx\/index.php?rest_route=\/wp\/v2\/posts"}],"about":[{"href":"https:\/\/encuentroinformativo.com.mx\/index.php?rest_route=\/wp\/v2\/types\/post"}],"author":[{"embeddable":true,"href":"https:\/\/encuentroinformativo.com.mx\/index.php?rest_route=\/wp\/v2\/users\/1"}],"replies":[{"embeddable":true,"href":"https:\/\/encuentroinformativo.com.mx\/index.php?rest_route=%2Fwp%2Fv2%2Fcomments&post=22483"}],"version-history":[{"count":1,"href":"https:\/\/encuentroinformativo.com.mx\/index.php?rest_route=\/wp\/v2\/posts\/22483\/revisions"}],"predecessor-version":[{"id":22485,"href":"https:\/\/encuentroinformativo.com.mx\/index.php?rest_route=\/wp\/v2\/posts\/22483\/revisions\/22485"}],"wp:featuredmedia":[{"embeddable":true,"href":"https:\/\/encuentroinformativo.com.mx\/index.php?rest_route=\/wp\/v2\/media\/22484"}],"wp:attachment":[{"href":"https:\/\/encuentroinformativo.com.mx\/index.php?rest_route=%2Fwp%2Fv2%2Fmedia&parent=22483"}],"wp:term":[{"taxonomy":"category","embeddable":true,"href":"https:\/\/encuentroinformativo.com.mx\/index.php?rest_route=%2Fwp%2Fv2%2Fcategories&post=22483"},{"taxonomy":"post_tag","embeddable":true,"href":"https:\/\/encuentroinformativo.com.mx\/index.php?rest_route=%2Fwp%2Fv2%2Ftags&post=22483"}],"curies":[{"name":"wp","href":"https:\/\/api.w.org\/{rel}","templated":true}]}}