{"id":22498,"date":"2022-01-20T15:14:57","date_gmt":"2022-01-20T21:14:57","guid":{"rendered":"https:\/\/encuentroinformativo.com.mx\/?p=22498"},"modified":"2022-01-20T15:15:00","modified_gmt":"2022-01-20T21:15:00","slug":"rinden-protesta-damas-voluntarias-del-dif-boca-del-rio","status":"publish","type":"post","link":"https:\/\/encuentroinformativo.com.mx\/?p=22498","title":{"rendered":"Rinden protesta damas voluntarias del DIF Boca del R\u00edo"},"content":{"rendered":"\n<p><strong>*<em>El alcalde Juan Manuel Un\u00e1nue tom\u00f3 la protesta; son encabezadas por su presidenta Melina Rivera de Un\u00e1nu<\/em>e.<\/strong><\/p>\n\n\n\n<p>Boca del R\u00edo, Ver.- El Alcalde de Boca del R\u00edo, Juan Manuel Un\u00e1nue Abascal, tom\u00f3 protesta a las damas voluntarias del DIF municipal de Boca del R\u00edo, encabezadas por su presidenta, Melina Rivera de Un\u00e1nue.<\/p>\n\n\n\n<p>Un\u00e1nue agradeci\u00f3 y felicit\u00f3 a su esposa Mely y a la directora del DIF, Yamilet Herrera D\u00edaz, por la integraci\u00f3n de este grupo de damas que apoyar\u00e1n en las labores sociales de esta instituci\u00f3n municipal.<\/p>\n\n\n\n<p>El Alcalde destac\u00f3 que son mujeres -y algunos hombres tambi\u00e9n- con experiencia en la ayuda social. \u201cSon personas con un enorme coraz\u00f3n, muy valiosas todas, ayudando desde diferentes trincheras. Es un voluntariado de lujo y estoy muy contento que lo integren todas ustedes\u201d.<\/p>\n\n\n\n<p>Al tomar protesta, las damas voluntarias hicieron el compromiso de desempe\u00f1arse con entrega, compromiso y responsabilidad a favor de la asistencia social, para dar bienestar a ni\u00f1os, j\u00f3venes, mujeres, personas con discapacidad, adultos mayores, grupos vulnerables y de todas las familias boque\u00f1as.<\/p>\n\n\n\n<p>Por su parte el alcalde Juan Manuel Un\u00e1nue destac\u00f3 algunas de las acciones que se realizar\u00e1n a favor de la gente que m\u00e1s lo necesita, independientemente de reactivar los programas sociales, sobre todo en materia de salud.<\/p>\n\n\n\n<p>\u201cEl d\u00eda de hoy es un d\u00eda muy especial para el gobierno de Boca del R\u00edo porque independientemente que este evento y todas estas acciones sean del DIF municipal, que encabeza mi esposa Mely y la directora Yamilet, hago el compromiso formal que van a contar con todo mi respaldo\u201d, concluy\u00f3.<\/p>\n","protected":false},"excerpt":{"rendered":"<p>*El alcalde Juan Manuel Un\u00e1nue tom\u00f3 la protesta; son encabezadas por su presidenta Melina Rivera de Un\u00e1nue. Boca del R\u00edo, Ver.- El Alcalde de Boca del R\u00edo, Juan Manuel Un\u00e1nue Abascal, tom\u00f3 protesta a las damas voluntarias del DIF municipal de Boca del R\u00edo, encabezadas por su presidenta, Melina Rivera de Un\u00e1nue. Un\u00e1nue agradeci\u00f3 y [&hellip;]<\/p>\n","protected":false},"author":1,"featured_media":22499,"comment_status":"open","ping_status":"open","sticky":false,"template":"","format":"standard","meta":{"_jetpack_memberships_contains_paid_content":false,"footnotes":""},"categories":[2],"tags":[],"class_list":["post-22498","post","type-post","status-publish","format-standard","has-post-thumbnail","hentry","category-estado"],"jetpack_featured_media_url":"https:\/\/encuentroinformativo.com.mx\/wp-content\/uploads\/2022\/01\/14AA77D0-2840-410E-B833-5DCEC1BA7F9B.jpeg","jetpack_sharing_enabled":true,"jetpack_likes_enabled":true,"amp_enabled":true,"_links":{"self":[{"href":"https:\/\/encuentroinformativo.com.mx\/index.php?rest_route=\/wp\/v2\/posts\/22498","targetHints":{"allow":["GET"]}}],"collection":[{"href":"https:\/\/encuentroinformativo.com.mx\/index.php?rest_route=\/wp\/v2\/posts"}],"about":[{"href":"https:\/\/encuentroinformativo.com.mx\/index.php?rest_route=\/wp\/v2\/types\/post"}],"author":[{"embeddable":true,"href":"https:\/\/encuentroinformativo.com.mx\/index.php?rest_route=\/wp\/v2\/users\/1"}],"replies":[{"embeddable":true,"href":"https:\/\/encuentroinformativo.com.mx\/index.php?rest_route=%2Fwp%2Fv2%2Fcomments&post=22498"}],"version-history":[{"count":1,"href":"https:\/\/encuentroinformativo.com.mx\/index.php?rest_route=\/wp\/v2\/posts\/22498\/revisions"}],"predecessor-version":[{"id":22500,"href":"https:\/\/encuentroinformativo.com.mx\/index.php?rest_route=\/wp\/v2\/posts\/22498\/revisions\/22500"}],"wp:featuredmedia":[{"embeddable":true,"href":"https:\/\/encuentroinformativo.com.mx\/index.php?rest_route=\/wp\/v2\/media\/22499"}],"wp:attachment":[{"href":"https:\/\/encuentroinformativo.com.mx\/index.php?rest_route=%2Fwp%2Fv2%2Fmedia&parent=22498"}],"wp:term":[{"taxonomy":"category","embeddable":true,"href":"https:\/\/encuentroinformativo.com.mx\/index.php?rest_route=%2Fwp%2Fv2%2Fcategories&post=22498"},{"taxonomy":"post_tag","embeddable":true,"href":"https:\/\/encuentroinformativo.com.mx\/index.php?rest_route=%2Fwp%2Fv2%2Ftags&post=22498"}],"curies":[{"name":"wp","href":"https:\/\/api.w.org\/{rel}","templated":true}]}}