{"id":225,"date":"2020-02-28T14:05:11","date_gmt":"2020-02-28T14:05:11","guid":{"rendered":"https:\/\/encuentroinformativodotcomdotmx.wordpress.com\/2020\/02\/28\/ante-coronavirus-autoridades-mantendran-vigilancia-sobre-migrantes\/"},"modified":"2020-03-04T08:33:11","modified_gmt":"2020-03-04T08:33:11","slug":"ante-coronavirus-autoridades-mantendran-vigilancia-sobre-migrantes","status":"publish","type":"post","link":"https:\/\/encuentroinformativo.com.mx\/?p=225","title":{"rendered":"Ante Coronavirus, autoridades mantendr\u00e1n vigilancia sobre migrantes"},"content":{"rendered":"\n<figure class=\"wp-block-image size-large\"><img loading=\"lazy\" decoding=\"async\" width=\"1280\" height=\"960\" src=\"https:\/\/encuentroinformativo.com.mx\/wp-content\/uploads\/2020\/02\/ezy-watermark_28-02-2020_02-04-28p.m..jpg?w=1024\" alt=\"\" class=\"wp-image-224\" srcset=\"https:\/\/encuentroinformativo.com.mx\/wp-content\/uploads\/2020\/02\/ezy-watermark_28-02-2020_02-04-28p.m..jpg 1280w, https:\/\/encuentroinformativo.com.mx\/wp-content\/uploads\/2020\/02\/ezy-watermark_28-02-2020_02-04-28p.m.-300x225.jpg 300w, https:\/\/encuentroinformativo.com.mx\/wp-content\/uploads\/2020\/02\/ezy-watermark_28-02-2020_02-04-28p.m.-1024x768.jpg 1024w, https:\/\/encuentroinformativo.com.mx\/wp-content\/uploads\/2020\/02\/ezy-watermark_28-02-2020_02-04-28p.m.-768x576.jpg 768w, https:\/\/encuentroinformativo.com.mx\/wp-content\/uploads\/2020\/02\/ezy-watermark_28-02-2020_02-04-28p.m.-1200x900.jpg 1200w\" sizes=\"auto, (max-width: 1280px) 100vw, 1280px\" \/><\/figure>\n\n\n\n<p><strong>Juan Arcos\/Dar\u00edo Pale <\/strong><\/p>\n\n\n\n<p>Xalapa, Ver.- La Direcci\u00f3n General de Atenci\u00f3n a Migrantes de Veracruz se encuentra a alerta para evitar un posible brote de coronavirus en la entidad. <br \/>El director general Carlos Enrique Escalante Igual, record\u00f3 que dos casos de coronavirus dieron positivo en el pa\u00eds.<\/p>\n\n\n\n<p>El funcionario estatal indic\u00f3 que por ese motivo se cuidar\u00e1 en mayor medida el paso de los migrantes.<\/p>\n\n\n\n<p>\u201cNosotros tenemos que cuidar mucho lo del paso de migrantes, que se chequen, que tengamos la coordinaci\u00f3n con el Sector salud, para que alguien que llagara a sentir una sintomatolog\u00eda sea canalizado, es la instrucci\u00f3n del gobernador\u201d.<\/p>\n\n\n\n<p>Adem\u00e1s, destac\u00f3 que en Veracruz no se han detectado casos de coronavirus -una extensa familia de virus, algunos de los cuales puede ser causa de diversas enfermedades humanas, que van desde el resfriado com\u00fan hasta el SRAS (s\u00edndrome respiratorio agudo severo), de acuerdo con la Organizaci\u00f3n Mundial de la Salud).<\/p>\n\n\n\n<p>\u201cEstamos muy al pendiente de los brotes que pudiera haber del virus&#8230; del coronavirus. Hay dos positivos en todo el pa\u00eds y nosotros pues tenemos que cuidar mucho el paso de los migrantes, que se chequen y tengamos siempre la coordinaci\u00f3n con el sector salud&#8221;, se\u00f1al\u00f3.<\/p>\n\n\n\n<p>\u201cNi un solo caso en el estado de Veracruz. Con el paso de migrantes no hemos tenido ning\u00fan problema en ese respecto\u201d, insisti\u00f3.<\/p>\n\n\n\n<p>Escalante Igual indic\u00f3 que el Instituto Nacional de Migraci\u00f3n seguir\u00e1 impidiendo el ingreso de indocumentados. <br \/><\/p>\n\n\n\n<p>Sin embargo, aclar\u00f3 que una vez que ingresan al estado, su acompa\u00f1amiento ya es competencia del gobierno estatal.<\/p>\n\n\n\n<p>\u201cYa es bronca de nosotros, nosotros nos encargamos de que el que se sienta mal o tenga una sintomatolog\u00eda inmediatamente canalizarlo\u201d, remat\u00f3. <\/p>\n","protected":false},"excerpt":{"rendered":"<p>Juan Arcos\/Dar\u00edo Pale Xalapa, Ver.- La Direcci\u00f3n General de Atenci\u00f3n a Migrantes de Veracruz se encuentra a alerta para evitar un posible brote de coronavirus en la entidad. El director general Carlos Enrique Escalante Igual, record\u00f3 que dos casos de coronavirus dieron positivo en el pa\u00eds. El funcionario estatal indic\u00f3 que por ese motivo se [&hellip;]<\/p>\n","protected":false},"author":1,"featured_media":223,"comment_status":"open","ping_status":"open","sticky":false,"template":"","format":"standard","meta":{"_jetpack_memberships_contains_paid_content":false,"footnotes":""},"categories":[9],"tags":[],"class_list":["post-225","post","type-post","status-publish","format-standard","has-post-thumbnail","hentry","category-salud"],"jetpack_featured_media_url":"https:\/\/encuentroinformativo.com.mx\/wp-content\/uploads\/2020\/02\/ezy-watermark_28-02-2020_02-00-11p.m..jpg","jetpack_sharing_enabled":true,"jetpack_likes_enabled":true,"amp_enabled":true,"_links":{"self":[{"href":"https:\/\/encuentroinformativo.com.mx\/index.php?rest_route=\/wp\/v2\/posts\/225","targetHints":{"allow":["GET"]}}],"collection":[{"href":"https:\/\/encuentroinformativo.com.mx\/index.php?rest_route=\/wp\/v2\/posts"}],"about":[{"href":"https:\/\/encuentroinformativo.com.mx\/index.php?rest_route=\/wp\/v2\/types\/post"}],"author":[{"embeddable":true,"href":"https:\/\/encuentroinformativo.com.mx\/index.php?rest_route=\/wp\/v2\/users\/1"}],"replies":[{"embeddable":true,"href":"https:\/\/encuentroinformativo.com.mx\/index.php?rest_route=%2Fwp%2Fv2%2Fcomments&post=225"}],"version-history":[{"count":1,"href":"https:\/\/encuentroinformativo.com.mx\/index.php?rest_route=\/wp\/v2\/posts\/225\/revisions"}],"predecessor-version":[{"id":366,"href":"https:\/\/encuentroinformativo.com.mx\/index.php?rest_route=\/wp\/v2\/posts\/225\/revisions\/366"}],"wp:featuredmedia":[{"embeddable":true,"href":"https:\/\/encuentroinformativo.com.mx\/index.php?rest_route=\/wp\/v2\/media\/223"}],"wp:attachment":[{"href":"https:\/\/encuentroinformativo.com.mx\/index.php?rest_route=%2Fwp%2Fv2%2Fmedia&parent=225"}],"wp:term":[{"taxonomy":"category","embeddable":true,"href":"https:\/\/encuentroinformativo.com.mx\/index.php?rest_route=%2Fwp%2Fv2%2Fcategories&post=225"},{"taxonomy":"post_tag","embeddable":true,"href":"https:\/\/encuentroinformativo.com.mx\/index.php?rest_route=%2Fwp%2Fv2%2Ftags&post=225"}],"curies":[{"name":"wp","href":"https:\/\/api.w.org\/{rel}","templated":true}]}}