{"id":2250,"date":"2020-05-01T13:14:01","date_gmt":"2020-05-01T18:14:01","guid":{"rendered":"https:\/\/encuentroinformativo.com\/?p=2250"},"modified":"2020-05-01T13:14:04","modified_gmt":"2020-05-01T18:14:04","slug":"con-protesta-conmemoran-dia-del-trabajo","status":"publish","type":"post","link":"https:\/\/encuentroinformativo.com.mx\/?p=2250","title":{"rendered":"Con protesta, conmemoran D\u00eda del Trabajo"},"content":{"rendered":"\n<p><strong>Juan Arcos <\/strong><\/p>\n\n\n\n<p>Xalapa, Ver.- Integrantes del Partido Comunista protestaron frente a Palacio de Gobierno para conmemorar el D\u00eda del Trabajo, tras la suspensi\u00f3n del desfile del 1\u00ba de Mayo.<\/p>\n\n\n\n<p>Los manifestantes tambi\u00e9n repudiaron el nombramiento de Diana Ar\u00f3stegui como titular de la Secretar\u00eda del Trabajo, Previsi\u00f3n Social y Productividad (Stpsp) en el estado de Veracruz, por la renuncia de Guadalupe Arg\u00fcelles.<\/p>\n\n\n\n<p>De acuerdo con Marco Vinicio D\u00e1vila, miembro del Comit\u00e9 Regional del Partido Comunista, se trata de un nombramiento que busca favorecer a grupos patronales afines al Movimiento de Regeneraci\u00f3n Nacional (Morena).<\/p>\n\n\n\n<p>El entrevistado se\u00f1al\u00f3 que Diana Ar\u00f3stegui carece de experiencia y conocimientos en materia laboral.<\/p>\n\n\n\n<p>\u201cNo tiene ninguna experiencia laboral, no conoce las problem\u00e1ticas ni el derecho laboral y sin embargo la acaban de nombrar secretaria del trabajo en Veracruz. \u00bfCon qu\u00e9 fin?, con el fin que nombra Cuitl\u00e1huac a todos sus amigos: favorecer a grupos patronales\u201d.<\/p>\n\n\n\n<p>A su juicio, el Partido Comunista consider\u00f3 que los gobiernos de Morena \u201cson gobiernos de la demagogia\u201d.<\/p>\n\n\n\n<p>Vinicio D\u00e1vila opin\u00f3 que el gobierno y las centrales sindicales \u201ccolaboracionistas\u201d inmovilizan a la clase trabajadora para que no se manifieste, pero no para que se resguarde en sus hogares sin tener que trabajar.<\/p>\n\n\n\n<p>\u201cCancelaron el desfile del 1\u00ba de mayo, pero no la inmovilizan para ir a trabajar. La clase obrera sigue yendo a trabajar, los trabajadores han sido obligados, como en Grupo Salinas, Banco Azteca, Elektra, a\u00fan cuando ya se han enfermado y ha habido muertos entre ellos\u201d, remat\u00f3.<\/p>\n\n\n\n<p><\/p>\n","protected":false},"excerpt":{"rendered":"<p>Juan Arcos Xalapa, Ver.- Integrantes del Partido Comunista protestaron frente a Palacio de Gobierno para conmemorar el D\u00eda del Trabajo, tras la suspensi\u00f3n del desfile del 1\u00ba de Mayo. Los manifestantes tambi\u00e9n repudiaron el nombramiento de Diana Ar\u00f3stegui como titular de la Secretar\u00eda del Trabajo, Previsi\u00f3n Social y Productividad (Stpsp) en el estado de Veracruz, [&hellip;]<\/p>\n","protected":false},"author":1,"featured_media":2251,"comment_status":"open","ping_status":"open","sticky":false,"template":"","format":"standard","meta":{"_jetpack_memberships_contains_paid_content":false,"footnotes":""},"categories":[3],"tags":[],"class_list":["post-2250","post","type-post","status-publish","format-standard","has-post-thumbnail","hentry","category-xalapa"],"jetpack_featured_media_url":"https:\/\/encuentroinformativo.com.mx\/wp-content\/uploads\/2020\/05\/78916060-375F-4EE5-8292-83DC3589565F.jpeg","jetpack_sharing_enabled":true,"jetpack_likes_enabled":true,"amp_enabled":true,"_links":{"self":[{"href":"https:\/\/encuentroinformativo.com.mx\/index.php?rest_route=\/wp\/v2\/posts\/2250","targetHints":{"allow":["GET"]}}],"collection":[{"href":"https:\/\/encuentroinformativo.com.mx\/index.php?rest_route=\/wp\/v2\/posts"}],"about":[{"href":"https:\/\/encuentroinformativo.com.mx\/index.php?rest_route=\/wp\/v2\/types\/post"}],"author":[{"embeddable":true,"href":"https:\/\/encuentroinformativo.com.mx\/index.php?rest_route=\/wp\/v2\/users\/1"}],"replies":[{"embeddable":true,"href":"https:\/\/encuentroinformativo.com.mx\/index.php?rest_route=%2Fwp%2Fv2%2Fcomments&post=2250"}],"version-history":[{"count":1,"href":"https:\/\/encuentroinformativo.com.mx\/index.php?rest_route=\/wp\/v2\/posts\/2250\/revisions"}],"predecessor-version":[{"id":2252,"href":"https:\/\/encuentroinformativo.com.mx\/index.php?rest_route=\/wp\/v2\/posts\/2250\/revisions\/2252"}],"wp:featuredmedia":[{"embeddable":true,"href":"https:\/\/encuentroinformativo.com.mx\/index.php?rest_route=\/wp\/v2\/media\/2251"}],"wp:attachment":[{"href":"https:\/\/encuentroinformativo.com.mx\/index.php?rest_route=%2Fwp%2Fv2%2Fmedia&parent=2250"}],"wp:term":[{"taxonomy":"category","embeddable":true,"href":"https:\/\/encuentroinformativo.com.mx\/index.php?rest_route=%2Fwp%2Fv2%2Fcategories&post=2250"},{"taxonomy":"post_tag","embeddable":true,"href":"https:\/\/encuentroinformativo.com.mx\/index.php?rest_route=%2Fwp%2Fv2%2Ftags&post=2250"}],"curies":[{"name":"wp","href":"https:\/\/api.w.org\/{rel}","templated":true}]}}