{"id":22501,"date":"2022-01-20T15:23:23","date_gmt":"2022-01-20T21:23:23","guid":{"rendered":"https:\/\/encuentroinformativo.com.mx\/?p=22501"},"modified":"2022-01-20T15:23:26","modified_gmt":"2022-01-20T21:23:26","slug":"fallece-adulto-mientras-esperaba-su-pension-de-bienestar","status":"publish","type":"post","link":"https:\/\/encuentroinformativo.com.mx\/?p=22501","title":{"rendered":"Fallece adulto mientras esperaba su pensi\u00f3n de Bienestar"},"content":{"rendered":"\n<p><strong>Alejandro \u00c1vila<\/strong><\/p>\n\n\n\n<p>Boca del R\u00edo, Ver.- Un adulto mayor falleci\u00f3 la tarde de este jueves mientras hac\u00eda fila para cobrar su pensi\u00f3n del programa Bienestar en el municipio de Boca del R\u00edo.<\/p>\n\n\n\n<p>Los hechos ocurrieron pasado el medio d\u00eda en el Centro Integral Bienestar &#8220;La Patria es Primero&#8221; ubicado Sobre la avenida Urano del citado municipio.<\/p>\n\n\n\n<p>El fallecido fue identificado como Natalio Rivera Garc\u00eda de 67 a\u00f1os, qui\u00e9n se presume padec\u00eda diabetes e hipertensi\u00f3n y falleci\u00f3 por causas naturales, aparentemente un infarto.<\/p>\n\n\n\n<p>El adulto mayor qui\u00e9n cay\u00f3 desplomado mientras hacia fila, alarm\u00f3 a todos los presentes, qui\u00e9nes inmediatamente llamaron a los n\u00fameros de emergencia 911.<\/p>\n\n\n\n<p>Al lugar acudieron elementos de Polic\u00eda Municipal, Polic\u00eda Naval, y personal de periciales, qui\u00e9nes acordonaron el \u00e1rea y dieron cuenta de los hechos; el cuerpo del fallecido fue trasladado en una carroza particular al servicio m\u00e9dico forense donde se espera la llegada de sus familiares para realizar los tr\u00e1mites pertinentes.<\/p>\n","protected":false},"excerpt":{"rendered":"<p>Alejandro \u00c1vila Boca del R\u00edo, Ver.- Un adulto mayor falleci\u00f3 la tarde de este jueves mientras hac\u00eda fila para cobrar su pensi\u00f3n del programa Bienestar en el municipio de Boca del R\u00edo. Los hechos ocurrieron pasado el medio d\u00eda en el Centro Integral Bienestar &#8220;La Patria es Primero&#8221; ubicado Sobre la avenida Urano del citado [&hellip;]<\/p>\n","protected":false},"author":1,"featured_media":22502,"comment_status":"open","ping_status":"open","sticky":false,"template":"","format":"standard","meta":{"_jetpack_memberships_contains_paid_content":false,"footnotes":""},"categories":[14],"tags":[],"class_list":["post-22501","post","type-post","status-publish","format-standard","has-post-thumbnail","hentry","category-policiaca"],"jetpack_featured_media_url":"https:\/\/encuentroinformativo.com.mx\/wp-content\/uploads\/2022\/01\/93F6A601-8D86-4D3A-BB3F-9F4DD6DC2904.jpeg","jetpack_sharing_enabled":true,"jetpack_likes_enabled":true,"amp_enabled":true,"_links":{"self":[{"href":"https:\/\/encuentroinformativo.com.mx\/index.php?rest_route=\/wp\/v2\/posts\/22501","targetHints":{"allow":["GET"]}}],"collection":[{"href":"https:\/\/encuentroinformativo.com.mx\/index.php?rest_route=\/wp\/v2\/posts"}],"about":[{"href":"https:\/\/encuentroinformativo.com.mx\/index.php?rest_route=\/wp\/v2\/types\/post"}],"author":[{"embeddable":true,"href":"https:\/\/encuentroinformativo.com.mx\/index.php?rest_route=\/wp\/v2\/users\/1"}],"replies":[{"embeddable":true,"href":"https:\/\/encuentroinformativo.com.mx\/index.php?rest_route=%2Fwp%2Fv2%2Fcomments&post=22501"}],"version-history":[{"count":1,"href":"https:\/\/encuentroinformativo.com.mx\/index.php?rest_route=\/wp\/v2\/posts\/22501\/revisions"}],"predecessor-version":[{"id":22503,"href":"https:\/\/encuentroinformativo.com.mx\/index.php?rest_route=\/wp\/v2\/posts\/22501\/revisions\/22503"}],"wp:featuredmedia":[{"embeddable":true,"href":"https:\/\/encuentroinformativo.com.mx\/index.php?rest_route=\/wp\/v2\/media\/22502"}],"wp:attachment":[{"href":"https:\/\/encuentroinformativo.com.mx\/index.php?rest_route=%2Fwp%2Fv2%2Fmedia&parent=22501"}],"wp:term":[{"taxonomy":"category","embeddable":true,"href":"https:\/\/encuentroinformativo.com.mx\/index.php?rest_route=%2Fwp%2Fv2%2Fcategories&post=22501"},{"taxonomy":"post_tag","embeddable":true,"href":"https:\/\/encuentroinformativo.com.mx\/index.php?rest_route=%2Fwp%2Fv2%2Ftags&post=22501"}],"curies":[{"name":"wp","href":"https:\/\/api.w.org\/{rel}","templated":true}]}}