{"id":22504,"date":"2022-01-20T15:47:39","date_gmt":"2022-01-20T21:47:39","guid":{"rendered":"https:\/\/encuentroinformativo.com.mx\/?p=22504"},"modified":"2022-01-20T15:47:43","modified_gmt":"2022-01-20T21:47:43","slug":"con-apoyo-legislativo-cecati-42-dara-50-de-descuento-en-cursos-laborales","status":"publish","type":"post","link":"https:\/\/encuentroinformativo.com.mx\/?p=22504","title":{"rendered":"Con apoyo legislativo CECATI 42 dar\u00e1 50% de descuento en cursos laborales"},"content":{"rendered":"\n<p><strong>Alejandro \u00c1vila<\/strong><\/p>\n\n\n\n<p>Veracruz, Ver.- El plantel educativo CECATI 42, brindar\u00e1 50% de descuento a todas las personas que quieran aprender un nuevo oficio en sus instalaciones, gracias al convenio de colaboraci\u00f3n que firmaron este jueves con la diputada local, Anil\u00fa Ingram Vallines.<\/p>\n\n\n\n<p>El director del plantel educativo, Francisco Hern\u00e1ndez Garc\u00eda, mencion\u00f3 que los cursos que est\u00e1n disponibles son: soldadura y pailer\u00eda, alimentos y bebidas, asistente ejecutiva, ofim\u00e1tica, estilismo y belleza, cuidado emocional, mec\u00e1nica e ingl\u00e9s; los cuales se impartir\u00e1n tanto en l\u00ednea, como presenciales.&nbsp;<\/p>\n\n\n\n<p>\u201cHace varios a\u00f1os capacitamos a cientos de personas en distintos oficios y, en esta ocasi\u00f3n nuevamente hacemos la gesti\u00f3n para que quienes lo consideren pertinente se acerquen\u201d, record\u00f3 Anil\u00fa Ingram Vallines.<\/p>\n\n\n\n<p>La convocatoria para inscribirse en estos cursos se publicar\u00e1 a trav\u00e9s de las redes sociales y\/o los interesados pueden comunicarse al n\u00famero 2293655665 o al correo electr\u00f3nico:&nbsp;dip_aingram@legisver.gob.mx<\/p>\n","protected":false},"excerpt":{"rendered":"<p>Alejandro \u00c1vila Veracruz, Ver.- El plantel educativo CECATI 42, brindar\u00e1 50% de descuento a todas las personas que quieran aprender un nuevo oficio en sus instalaciones, gracias al convenio de colaboraci\u00f3n que firmaron este jueves con la diputada local, Anil\u00fa Ingram Vallines. El director del plantel educativo, Francisco Hern\u00e1ndez Garc\u00eda, mencion\u00f3 que los cursos que [&hellip;]<\/p>\n","protected":false},"author":1,"featured_media":22505,"comment_status":"open","ping_status":"open","sticky":false,"template":"","format":"standard","meta":{"_jetpack_memberships_contains_paid_content":false,"footnotes":""},"categories":[2],"tags":[],"class_list":["post-22504","post","type-post","status-publish","format-standard","has-post-thumbnail","hentry","category-estado"],"jetpack_featured_media_url":"https:\/\/encuentroinformativo.com.mx\/wp-content\/uploads\/2022\/01\/18E322FB-2C83-4FA5-A99C-A6DA35496870.jpeg","jetpack_sharing_enabled":true,"jetpack_likes_enabled":true,"amp_enabled":true,"_links":{"self":[{"href":"https:\/\/encuentroinformativo.com.mx\/index.php?rest_route=\/wp\/v2\/posts\/22504","targetHints":{"allow":["GET"]}}],"collection":[{"href":"https:\/\/encuentroinformativo.com.mx\/index.php?rest_route=\/wp\/v2\/posts"}],"about":[{"href":"https:\/\/encuentroinformativo.com.mx\/index.php?rest_route=\/wp\/v2\/types\/post"}],"author":[{"embeddable":true,"href":"https:\/\/encuentroinformativo.com.mx\/index.php?rest_route=\/wp\/v2\/users\/1"}],"replies":[{"embeddable":true,"href":"https:\/\/encuentroinformativo.com.mx\/index.php?rest_route=%2Fwp%2Fv2%2Fcomments&post=22504"}],"version-history":[{"count":1,"href":"https:\/\/encuentroinformativo.com.mx\/index.php?rest_route=\/wp\/v2\/posts\/22504\/revisions"}],"predecessor-version":[{"id":22506,"href":"https:\/\/encuentroinformativo.com.mx\/index.php?rest_route=\/wp\/v2\/posts\/22504\/revisions\/22506"}],"wp:featuredmedia":[{"embeddable":true,"href":"https:\/\/encuentroinformativo.com.mx\/index.php?rest_route=\/wp\/v2\/media\/22505"}],"wp:attachment":[{"href":"https:\/\/encuentroinformativo.com.mx\/index.php?rest_route=%2Fwp%2Fv2%2Fmedia&parent=22504"}],"wp:term":[{"taxonomy":"category","embeddable":true,"href":"https:\/\/encuentroinformativo.com.mx\/index.php?rest_route=%2Fwp%2Fv2%2Fcategories&post=22504"},{"taxonomy":"post_tag","embeddable":true,"href":"https:\/\/encuentroinformativo.com.mx\/index.php?rest_route=%2Fwp%2Fv2%2Ftags&post=22504"}],"curies":[{"name":"wp","href":"https:\/\/api.w.org\/{rel}","templated":true}]}}