{"id":22507,"date":"2022-01-20T15:52:59","date_gmt":"2022-01-20T21:52:59","guid":{"rendered":"https:\/\/encuentroinformativo.com.mx\/?p=22507"},"modified":"2022-01-20T15:53:02","modified_gmt":"2022-01-20T21:53:02","slug":"ayuntamiento-de-medellin-le-compra-2-tractores-a-productores-primarios","status":"publish","type":"post","link":"https:\/\/encuentroinformativo.com.mx\/?p=22507","title":{"rendered":"Ayuntamiento de Medell\u00edn le compra 2 tractores a productores primarios"},"content":{"rendered":"\n<p><strong>Alejandro \u00c1vila<\/strong><\/p>\n\n\n\n<p>Medell\u00edn de Bravo, Ver.- El alcalde de Medell\u00edn de Bravo, Marcos Isle\u00f1o Andrade, hizo efectiva la compra de dos tractores que ser\u00e1n prestados a diversos productores primarios para mejorar sus cosechas y reducir los costos de producci\u00f3n.<\/p>\n\n\n\n<p>Esta semana se llev\u00f3 a cabo la Primera Gira Pecuaria Veracruzana, realizada por la Subsecretar\u00eda de Ganader\u00eda del Gobierno del Estado en coordinaci\u00f3n con los municipios, donde el alcalde Marcos Isle\u00f1o Andrade expres\u00f3 que una de las prioridades de su gobierno es la reactivaci\u00f3n del campo.<\/p>\n\n\n\n<p>Ante cientos de productores que se congregaron en el sal\u00f3n \u201cSarita\u201d de esta demarcaci\u00f3n, el presidente municipal anunci\u00f3 la compra de dos tractores -con sus respectivos implementos- que se prestar\u00e1n a los trabajadores del campo para evitar la renta de maquinaria y con ello reduzcan sus costos de producci\u00f3n.<\/p>\n\n\n\n<p>Isle\u00f1o Andrade fue claro al expresar que su gobierno brindar\u00e1 toda la atenci\u00f3n que el campo merece, impulsando los proyectos productivos agropecuarios, siempre en coordinaci\u00f3n con las autoridades estatales y federales.<\/p>\n\n\n\n<p>Al ser un municipio con predominancia rural, Medell\u00edn merece todo nuestro inter\u00e9s como primera autoridad para desarrollar e impulsar todos los proyectos que resulten de beneficio para nuestros productores agropecuarios, se\u00f1al\u00f3 el edil.<\/p>\n\n\n\n<p>\u201cMe da gusto que Medell\u00edn sea sede de la primera gira pecuaria, pues es de nuestro inter\u00e9s que haya esos lazos de trabajo con la Subsecretar\u00eda de Ganader\u00eda para que de forma bipartita participemos y traigamos estos beneficios a los productores\u201d, coment\u00f3.<\/p>\n\n\n\n<p>Y agreg\u00f3: \u201cEstoy muy contento porque en los pr\u00f3ximos d\u00edas haremos la compra de los dos tractores que promet\u00ed. Esos tractores beneficiar\u00e1n de forma directa a los productores y ser\u00e1 a trav\u00e9s de la Direcci\u00f3n de Fomento Agropecuario que -de forma organizada- se vea c\u00f3mo vamos a prestarlos a los productores y as\u00ed eviten la renta de maquinaria. Es parte de la reactivaci\u00f3n que queremos darle a Medell\u00edn\u201d.<\/p>\n\n\n\n<p>Marcos Isle\u00f1o reiter\u00f3 que est\u00e1 a favor de reactivar los Tianguis Agropecuarios para el fortalecimiento de los programas inherentes a esta importante rama productiva.<\/p>\n\n\n\n<p>En su intervenci\u00f3n, el m\u00e9dico veterinario Humberto Amador Zaragoza, Subsecretario de Ganader\u00eda y Pesca del Gobierno del Estado de Veracruz, dio a conocer las reglas de operaci\u00f3n de los programas pecuarios a desarrollar en coordinaci\u00f3n con el gobierno, federal, municipal y los productores veracruzanos.<\/p>\n\n\n\n<p>\u201cEl Decreto 856 de la Ley Ganadera del Estado de Veracruz plantea apoyo a los productores en insumos, sementales, equipamiento, entre otros temas; de tal forma que genere una bolsa para que se les brinden subsidios. Esta ley tiene tantos beneficios para todos los productores, pues si bien era bastante amplia y completa, fue modificada por los diputados para generar a\u00fan m\u00e1s\u201d, comparti\u00f3.<\/p>\n","protected":false},"excerpt":{"rendered":"<p>Alejandro \u00c1vila Medell\u00edn de Bravo, Ver.- El alcalde de Medell\u00edn de Bravo, Marcos Isle\u00f1o Andrade, hizo efectiva la compra de dos tractores que ser\u00e1n prestados a diversos productores primarios para mejorar sus cosechas y reducir los costos de producci\u00f3n. Esta semana se llev\u00f3 a cabo la Primera Gira Pecuaria Veracruzana, realizada por la Subsecretar\u00eda de [&hellip;]<\/p>\n","protected":false},"author":1,"featured_media":22508,"comment_status":"open","ping_status":"open","sticky":false,"template":"","format":"standard","meta":{"_jetpack_memberships_contains_paid_content":false,"footnotes":""},"categories":[2],"tags":[],"class_list":["post-22507","post","type-post","status-publish","format-standard","has-post-thumbnail","hentry","category-estado"],"jetpack_featured_media_url":"https:\/\/encuentroinformativo.com.mx\/wp-content\/uploads\/2022\/01\/69E241C2-10DA-4AC5-8EC3-5FC7C28984E8.jpeg","jetpack_sharing_enabled":true,"jetpack_likes_enabled":true,"amp_enabled":true,"_links":{"self":[{"href":"https:\/\/encuentroinformativo.com.mx\/index.php?rest_route=\/wp\/v2\/posts\/22507","targetHints":{"allow":["GET"]}}],"collection":[{"href":"https:\/\/encuentroinformativo.com.mx\/index.php?rest_route=\/wp\/v2\/posts"}],"about":[{"href":"https:\/\/encuentroinformativo.com.mx\/index.php?rest_route=\/wp\/v2\/types\/post"}],"author":[{"embeddable":true,"href":"https:\/\/encuentroinformativo.com.mx\/index.php?rest_route=\/wp\/v2\/users\/1"}],"replies":[{"embeddable":true,"href":"https:\/\/encuentroinformativo.com.mx\/index.php?rest_route=%2Fwp%2Fv2%2Fcomments&post=22507"}],"version-history":[{"count":1,"href":"https:\/\/encuentroinformativo.com.mx\/index.php?rest_route=\/wp\/v2\/posts\/22507\/revisions"}],"predecessor-version":[{"id":22509,"href":"https:\/\/encuentroinformativo.com.mx\/index.php?rest_route=\/wp\/v2\/posts\/22507\/revisions\/22509"}],"wp:featuredmedia":[{"embeddable":true,"href":"https:\/\/encuentroinformativo.com.mx\/index.php?rest_route=\/wp\/v2\/media\/22508"}],"wp:attachment":[{"href":"https:\/\/encuentroinformativo.com.mx\/index.php?rest_route=%2Fwp%2Fv2%2Fmedia&parent=22507"}],"wp:term":[{"taxonomy":"category","embeddable":true,"href":"https:\/\/encuentroinformativo.com.mx\/index.php?rest_route=%2Fwp%2Fv2%2Fcategories&post=22507"},{"taxonomy":"post_tag","embeddable":true,"href":"https:\/\/encuentroinformativo.com.mx\/index.php?rest_route=%2Fwp%2Fv2%2Ftags&post=22507"}],"curies":[{"name":"wp","href":"https:\/\/api.w.org\/{rel}","templated":true}]}}